
{"id":17992,"date":"2017-10-08T16:31:00","date_gmt":"2017-10-08T16:31:00","guid":{"rendered":"https:\/\/www.lejournalduforkane.com\/?p=17992"},"modified":"2017-10-08T16:31:18","modified_gmt":"2017-10-08T16:31:18","slug":"une-semaine-sanglante-au-yemen-a-causee-par-a-coalition-arabo-us-qui-a-tue-et-blesse-47-civils-femmes-et-enfant","status":"publish","type":"post","link":"https:\/\/www.lejournalduforkane.com\/index.php\/une-semaine-sanglante-au-yemen-a-causee-par-a-coalition-arabo-us-qui-a-tue-et-blesse-47-civils-femmes-et-enfant\/","title":{"rendered":"Une semaine sanglante au Y\u00e9men \u00e0 caus\u00e9e par a coalition arabo-US qui a tu\u00e9 et bless\u00e9 47 civils, femmes et enfant"},"content":{"rendered":"<p class=\"wp-more-tag mce-wp-more\" title=\"Lire la suite...\" data-wp-more=\"more\" data-wp-more-text=\"\" data-mce-placeholder=\"1\"><!--more--><br \/>\n<iframe loading=\"lazy\" src=\"https:\/\/www.youtube.com\/embed\/v4LziCRYTlA\" width=\"560\" height=\"315\" frameborder=\"0\" allowfullscreen=\"allowfullscreen\"><\/iframe><\/p>\n","protected":false},"excerpt":{"rendered":"","protected":false},"author":2,"featured_media":0,"comment_status":"closed","ping_status":"open","sticky":false,"template":"","format":"standard","meta":[],"categories":[49],"tags":[],"_links":{"self":[{"href":"https:\/\/www.lejournalduforkane.com\/index.php\/wp-json\/wp\/v2\/posts\/17992"}],"collection":[{"href":"https:\/\/www.lejournalduforkane.com\/index.php\/wp-json\/wp\/v2\/posts"}],"about":[{"href":"https:\/\/www.lejournalduforkane.com\/index.php\/wp-json\/wp\/v2\/types\/post"}],"author":[{"embeddable":true,"href":"https:\/\/www.lejournalduforkane.com\/index.php\/wp-json\/wp\/v2\/users\/2"}],"replies":[{"embeddable":true,"href":"https:\/\/www.lejournalduforkane.com\/index.php\/wp-json\/wp\/v2\/comments?post=17992"}],"version-history":[{"count":2,"href":"https:\/\/www.lejournalduforkane.com\/index.php\/wp-json\/wp\/v2\/posts\/17992\/revisions"}],"predecessor-version":[{"id":17995,"href":"https:\/\/www.lejournalduforkane.com\/index.php\/wp-json\/wp\/v2\/posts\/17992\/revisions\/17995"}],"wp:attachment":[{"href":"https:\/\/www.lejournalduforkane.com\/index.php\/wp-json\/wp\/v2\/media?parent=17992"}],"wp:term":[{"taxonomy":"category","embeddable":true,"href":"https:\/\/www.lejournalduforkane.com\/index.php\/wp-json\/wp\/v2\/categories?post=17992"},{"taxonomy":"post_tag","embeddable":true,"href":"https:\/\/www.lejournalduforkane.com\/index.php\/wp-json\/wp\/v2\/tags?post=17992"}],"curies":[{"name":"wp","href":"https:\/\/api.w.org\/{rel}","templated":true}]}}