
{"id":18009,"date":"2017-10-10T20:35:00","date_gmt":"2017-10-10T20:35:00","guid":{"rendered":"https:\/\/www.lejournalduforkane.com\/?p=18009"},"modified":"2017-10-10T20:35:00","modified_gmt":"2017-10-10T20:35:00","slug":"video-il-y-a-des-preuves-evidentes-que-des-helicopteres-us-bases-en-afghanistan-aident-daesh","status":"publish","type":"post","link":"https:\/\/www.lejournalduforkane.com\/index.php\/video-il-y-a-des-preuves-evidentes-que-des-helicopteres-us-bases-en-afghanistan-aident-daesh\/","title":{"rendered":"[Vid\u00e9o] | Il y a des preuves \u00e9videntes que des h\u00e9licopt\u00e8res US bas\u00e9s en Afghanistan aident Daesh !"},"content":{"rendered":"<p><!--more--><\/p>\n<p style=\"text-align: justify;\">[Vid\u00e9o] | Ex-Pr\u00e9sident de l&rsquo;Afghanistan Hamid Karza\u00ef : \u00a0\u00bb Il y a des preuves \u00e9videntes que des h\u00e9licopt\u00e8res US bas\u00e9s en Afghanistan aident Daesh !<\/p>\n<p style=\"text-align: justify;\">En gros, plusieurs sources en Irak, Syrie et Afghanistan affirment clairement que les Am\u00e9ricains fournissent de l&rsquo;aide \u00e0 Daesh !<\/p>\n<p><iframe loading=\"lazy\" src=\"https:\/\/www.youtube.com\/embed\/PhCiNUhbTfg\" width=\"560\" height=\"315\" frameborder=\"0\" allowfullscreen=\"allowfullscreen\"><\/iframe><\/p>\n","protected":false},"excerpt":{"rendered":"[Vid\u00e9o] | Ex-Pr\u00e9sident de l'Afghanistan Hamid Karza\u00ef : \" Il y a des preuves \u00e9videntes que des h\u00e9licopt\u00e8res US bas\u00e9s en Afghanistan aident Daesh ! En gros, plusieurs sources en","protected":false},"author":2,"featured_media":0,"comment_status":"closed","ping_status":"open","sticky":false,"template":"","format":"standard","meta":[],"categories":[49],"tags":[],"_links":{"self":[{"href":"https:\/\/www.lejournalduforkane.com\/index.php\/wp-json\/wp\/v2\/posts\/18009"}],"collection":[{"href":"https:\/\/www.lejournalduforkane.com\/index.php\/wp-json\/wp\/v2\/posts"}],"about":[{"href":"https:\/\/www.lejournalduforkane.com\/index.php\/wp-json\/wp\/v2\/types\/post"}],"author":[{"embeddable":true,"href":"https:\/\/www.lejournalduforkane.com\/index.php\/wp-json\/wp\/v2\/users\/2"}],"replies":[{"embeddable":true,"href":"https:\/\/www.lejournalduforkane.com\/index.php\/wp-json\/wp\/v2\/comments?post=18009"}],"version-history":[{"count":1,"href":"https:\/\/www.lejournalduforkane.com\/index.php\/wp-json\/wp\/v2\/posts\/18009\/revisions"}],"predecessor-version":[{"id":18011,"href":"https:\/\/www.lejournalduforkane.com\/index.php\/wp-json\/wp\/v2\/posts\/18009\/revisions\/18011"}],"wp:attachment":[{"href":"https:\/\/www.lejournalduforkane.com\/index.php\/wp-json\/wp\/v2\/media?parent=18009"}],"wp:term":[{"taxonomy":"category","embeddable":true,"href":"https:\/\/www.lejournalduforkane.com\/index.php\/wp-json\/wp\/v2\/categories?post=18009"},{"taxonomy":"post_tag","embeddable":true,"href":"https:\/\/www.lejournalduforkane.com\/index.php\/wp-json\/wp\/v2\/tags?post=18009"}],"curies":[{"name":"wp","href":"https:\/\/api.w.org\/{rel}","templated":true}]}}