
{"id":18015,"date":"2017-10-11T18:48:51","date_gmt":"2017-10-11T18:48:51","guid":{"rendered":"https:\/\/www.lejournalduforkane.com\/?p=18015"},"modified":"2017-10-11T18:48:51","modified_gmt":"2017-10-11T18:48:51","slug":"regardez-le-courage-de-cet-activiste-europeen-qui-defie-les-soldats-de-larmee-doccupation-israelienne","status":"publish","type":"post","link":"https:\/\/www.lejournalduforkane.com\/index.php\/regardez-le-courage-de-cet-activiste-europeen-qui-defie-les-soldats-de-larmee-doccupation-israelienne\/","title":{"rendered":"Regardez le courage de cet activiste europ\u00e9en qui d\u00e9fie les soldats de l&rsquo;arm\u00e9e d\u2019occupation isra\u00e9lienne"},"content":{"rendered":"<p style=\"text-align: justify;\"><!--more-->Regardez le courage de cet activiste europ\u00e9en qui d\u00e9fie les soldats de l&rsquo;arm\u00e9e d\u2019occupation isra\u00e9lienne, arm\u00e9s lourdement \u00e0 Al Khalil<\/p>\n<p style=\"text-align: justify;\">Il souhaite les emp\u00eacher de faire progresser leur terreur sur les palestiniens<\/p>\n<p><iframe loading=\"lazy\" src=\"https:\/\/www.youtube.com\/embed\/9-EvbGFrr8s\" width=\"560\" height=\"315\" frameborder=\"0\" allowfullscreen=\"allowfullscreen\"><\/iframe><\/p>\n","protected":false},"excerpt":{"rendered":"Regardez le courage de cet activiste europ\u00e9en qui d\u00e9fie les soldats de l'arm\u00e9e d\u2019occupation isra\u00e9lienne, arm\u00e9s lourdement \u00e0 Al Khalil Il souhaite les emp\u00eacher de faire progresser leur terreur sur","protected":false},"author":2,"featured_media":0,"comment_status":"closed","ping_status":"open","sticky":false,"template":"","format":"standard","meta":[],"categories":[49],"tags":[],"_links":{"self":[{"href":"https:\/\/www.lejournalduforkane.com\/index.php\/wp-json\/wp\/v2\/posts\/18015"}],"collection":[{"href":"https:\/\/www.lejournalduforkane.com\/index.php\/wp-json\/wp\/v2\/posts"}],"about":[{"href":"https:\/\/www.lejournalduforkane.com\/index.php\/wp-json\/wp\/v2\/types\/post"}],"author":[{"embeddable":true,"href":"https:\/\/www.lejournalduforkane.com\/index.php\/wp-json\/wp\/v2\/users\/2"}],"replies":[{"embeddable":true,"href":"https:\/\/www.lejournalduforkane.com\/index.php\/wp-json\/wp\/v2\/comments?post=18015"}],"version-history":[{"count":1,"href":"https:\/\/www.lejournalduforkane.com\/index.php\/wp-json\/wp\/v2\/posts\/18015\/revisions"}],"predecessor-version":[{"id":18017,"href":"https:\/\/www.lejournalduforkane.com\/index.php\/wp-json\/wp\/v2\/posts\/18015\/revisions\/18017"}],"wp:attachment":[{"href":"https:\/\/www.lejournalduforkane.com\/index.php\/wp-json\/wp\/v2\/media?parent=18015"}],"wp:term":[{"taxonomy":"category","embeddable":true,"href":"https:\/\/www.lejournalduforkane.com\/index.php\/wp-json\/wp\/v2\/categories?post=18015"},{"taxonomy":"post_tag","embeddable":true,"href":"https:\/\/www.lejournalduforkane.com\/index.php\/wp-json\/wp\/v2\/tags?post=18015"}],"curies":[{"name":"wp","href":"https:\/\/api.w.org\/{rel}","templated":true}]}}