
{"id":18022,"date":"2017-10-11T18:55:22","date_gmt":"2017-10-11T18:55:22","guid":{"rendered":"https:\/\/www.lejournalduforkane.com\/?p=18022"},"modified":"2017-10-11T18:55:22","modified_gmt":"2017-10-11T18:55:22","slug":"video-larmee-arabe-syrienne-saisie-des-armes-aux-terroristes-de-daesh-et-du-front-al-nosra","status":"publish","type":"post","link":"https:\/\/www.lejournalduforkane.com\/index.php\/video-larmee-arabe-syrienne-saisie-des-armes-aux-terroristes-de-daesh-et-du-front-al-nosra\/","title":{"rendered":"[Vid\u00e9o] | L&rsquo;Arm\u00e9e Arabe Syrienne saisie des armes aux terroristes de Daesh et du Front al-Nosra"},"content":{"rendered":"<p><!--more--><\/p>\n<p>Dans la vid\u00e9o, on constate que la plupart de ces armes ont \u00e9t\u00e9 fabriqu\u00e9es aux \u00c9tats-Unis ou dans des pays alli\u00e9s&#8230;<br \/>\n<iframe loading=\"lazy\" src=\"https:\/\/www.youtube.com\/embed\/CNviSXEOgjE\" width=\"560\" height=\"315\" frameborder=\"0\" allowfullscreen=\"allowfullscreen\"><\/iframe><\/p>\n","protected":false},"excerpt":{"rendered":"Dans la vid\u00e9o, on constate que la plupart de ces armes ont \u00e9t\u00e9 fabriqu\u00e9es aux \u00c9tats-Unis ou dans des pays alli\u00e9s...","protected":false},"author":2,"featured_media":0,"comment_status":"closed","ping_status":"open","sticky":false,"template":"","format":"standard","meta":[],"categories":[49],"tags":[],"_links":{"self":[{"href":"https:\/\/www.lejournalduforkane.com\/index.php\/wp-json\/wp\/v2\/posts\/18022"}],"collection":[{"href":"https:\/\/www.lejournalduforkane.com\/index.php\/wp-json\/wp\/v2\/posts"}],"about":[{"href":"https:\/\/www.lejournalduforkane.com\/index.php\/wp-json\/wp\/v2\/types\/post"}],"author":[{"embeddable":true,"href":"https:\/\/www.lejournalduforkane.com\/index.php\/wp-json\/wp\/v2\/users\/2"}],"replies":[{"embeddable":true,"href":"https:\/\/www.lejournalduforkane.com\/index.php\/wp-json\/wp\/v2\/comments?post=18022"}],"version-history":[{"count":1,"href":"https:\/\/www.lejournalduforkane.com\/index.php\/wp-json\/wp\/v2\/posts\/18022\/revisions"}],"predecessor-version":[{"id":18024,"href":"https:\/\/www.lejournalduforkane.com\/index.php\/wp-json\/wp\/v2\/posts\/18022\/revisions\/18024"}],"wp:attachment":[{"href":"https:\/\/www.lejournalduforkane.com\/index.php\/wp-json\/wp\/v2\/media?parent=18022"}],"wp:term":[{"taxonomy":"category","embeddable":true,"href":"https:\/\/www.lejournalduforkane.com\/index.php\/wp-json\/wp\/v2\/categories?post=18022"},{"taxonomy":"post_tag","embeddable":true,"href":"https:\/\/www.lejournalduforkane.com\/index.php\/wp-json\/wp\/v2\/tags?post=18022"}],"curies":[{"name":"wp","href":"https:\/\/api.w.org\/{rel}","templated":true}]}}