
{"id":18028,"date":"2017-10-12T20:36:24","date_gmt":"2017-10-12T20:36:24","guid":{"rendered":"https:\/\/www.lejournalduforkane.com\/?p=18028"},"modified":"2017-10-12T20:36:24","modified_gmt":"2017-10-12T20:36:24","slug":"palestine-au-moins-40-000-colons-israeliens-ont-envahi-la-mosquee-ibrahimi-a-al-khalil","status":"publish","type":"post","link":"https:\/\/www.lejournalduforkane.com\/index.php\/palestine-au-moins-40-000-colons-israeliens-ont-envahi-la-mosquee-ibrahimi-a-al-khalil\/","title":{"rendered":"Palestine &#8211; au moins 40 000 colons isra\u00e9liens ont envahi la mosqu\u00e9e Ibrahimi \u00e0 Al Khalil"},"content":{"rendered":"<p><!--more--><\/p>\n<p>Palestine &#8211; au moins 40 000 colons isra\u00e9liens ont envahi la mosqu\u00e9e Ibrahimi \u00e0 Al Khalil au cours des deux derniers jours apr\u00e8s avoir emp\u00each\u00e9 les fid\u00e8les musulmans d&rsquo;y p\u00e9n\u00e9trer.<br \/>\n<iframe loading=\"lazy\" src=\"https:\/\/www.youtube.com\/embed\/JcRVz5tRYP8\" width=\"560\" height=\"315\" frameborder=\"0\" allowfullscreen=\"allowfullscreen\"><\/iframe><\/p>\n","protected":false},"excerpt":{"rendered":"Palestine - au moins 40 000 colons isra\u00e9liens ont envahi la mosqu\u00e9e Ibrahimi \u00e0 Al Khalil au cours des deux derniers jours apr\u00e8s avoir emp\u00each\u00e9 les fid\u00e8les musulmans d'y p\u00e9n\u00e9trer.","protected":false},"author":2,"featured_media":0,"comment_status":"closed","ping_status":"open","sticky":false,"template":"","format":"standard","meta":[],"categories":[49],"tags":[],"_links":{"self":[{"href":"https:\/\/www.lejournalduforkane.com\/index.php\/wp-json\/wp\/v2\/posts\/18028"}],"collection":[{"href":"https:\/\/www.lejournalduforkane.com\/index.php\/wp-json\/wp\/v2\/posts"}],"about":[{"href":"https:\/\/www.lejournalduforkane.com\/index.php\/wp-json\/wp\/v2\/types\/post"}],"author":[{"embeddable":true,"href":"https:\/\/www.lejournalduforkane.com\/index.php\/wp-json\/wp\/v2\/users\/2"}],"replies":[{"embeddable":true,"href":"https:\/\/www.lejournalduforkane.com\/index.php\/wp-json\/wp\/v2\/comments?post=18028"}],"version-history":[{"count":1,"href":"https:\/\/www.lejournalduforkane.com\/index.php\/wp-json\/wp\/v2\/posts\/18028\/revisions"}],"predecessor-version":[{"id":18030,"href":"https:\/\/www.lejournalduforkane.com\/index.php\/wp-json\/wp\/v2\/posts\/18028\/revisions\/18030"}],"wp:attachment":[{"href":"https:\/\/www.lejournalduforkane.com\/index.php\/wp-json\/wp\/v2\/media?parent=18028"}],"wp:term":[{"taxonomy":"category","embeddable":true,"href":"https:\/\/www.lejournalduforkane.com\/index.php\/wp-json\/wp\/v2\/categories?post=18028"},{"taxonomy":"post_tag","embeddable":true,"href":"https:\/\/www.lejournalduforkane.com\/index.php\/wp-json\/wp\/v2\/tags?post=18028"}],"curies":[{"name":"wp","href":"https:\/\/api.w.org\/{rel}","templated":true}]}}