
{"id":18031,"date":"2017-10-12T20:47:01","date_gmt":"2017-10-12T20:47:01","guid":{"rendered":"https:\/\/www.lejournalduforkane.com\/?p=18031"},"modified":"2017-10-12T20:47:01","modified_gmt":"2017-10-12T20:47:01","slug":"regardez-comment-les-forces-de-larmee-yemenite-et-dansarullah-combattent-avec-force-et-courage-lenvahisseur-saoudien-pres-de-najran-sud-de-larabie","status":"publish","type":"post","link":"https:\/\/www.lejournalduforkane.com\/index.php\/regardez-comment-les-forces-de-larmee-yemenite-et-dansarullah-combattent-avec-force-et-courage-lenvahisseur-saoudien-pres-de-najran-sud-de-larabie\/","title":{"rendered":"Regardez comment les forces de l\u2019arm\u00e9e y\u00e9m\u00e9nite et d\u2019Ansarullah combattent avec force et courage l&rsquo;envahisseur saoudien pr\u00e9s de Najran (sud de l\u2019Arabie)"},"content":{"rendered":"<p style=\"text-align: justify;\"><!--more--><\/p>\n<p style=\"text-align: justify;\">On peut voir dans cette vid\u00e9o, un char saoudien et deux v\u00e9hicules militaires endommag\u00e9s. Un grand nombre de soldats de l\u2019arm\u00e9e saoudienne ont \u00e9t\u00e9 tu\u00e9s et bless\u00e9s par ces tirs.<\/p>\n<p><iframe loading=\"lazy\" src=\"https:\/\/www.youtube.com\/embed\/p3iS--VPu7c\" width=\"560\" height=\"315\" frameborder=\"0\" allowfullscreen=\"allowfullscreen\"><\/iframe><\/p>\n","protected":false},"excerpt":{"rendered":"On peut voir dans cette vid\u00e9o, un char saoudien et deux v\u00e9hicules militaires endommag\u00e9s. Un grand nombre de soldats de l\u2019arm\u00e9e saoudienne ont \u00e9t\u00e9 tu\u00e9s et bless\u00e9s par ces tirs.","protected":false},"author":2,"featured_media":0,"comment_status":"closed","ping_status":"open","sticky":false,"template":"","format":"standard","meta":[],"categories":[49],"tags":[],"_links":{"self":[{"href":"https:\/\/www.lejournalduforkane.com\/index.php\/wp-json\/wp\/v2\/posts\/18031"}],"collection":[{"href":"https:\/\/www.lejournalduforkane.com\/index.php\/wp-json\/wp\/v2\/posts"}],"about":[{"href":"https:\/\/www.lejournalduforkane.com\/index.php\/wp-json\/wp\/v2\/types\/post"}],"author":[{"embeddable":true,"href":"https:\/\/www.lejournalduforkane.com\/index.php\/wp-json\/wp\/v2\/users\/2"}],"replies":[{"embeddable":true,"href":"https:\/\/www.lejournalduforkane.com\/index.php\/wp-json\/wp\/v2\/comments?post=18031"}],"version-history":[{"count":1,"href":"https:\/\/www.lejournalduforkane.com\/index.php\/wp-json\/wp\/v2\/posts\/18031\/revisions"}],"predecessor-version":[{"id":18033,"href":"https:\/\/www.lejournalduforkane.com\/index.php\/wp-json\/wp\/v2\/posts\/18031\/revisions\/18033"}],"wp:attachment":[{"href":"https:\/\/www.lejournalduforkane.com\/index.php\/wp-json\/wp\/v2\/media?parent=18031"}],"wp:term":[{"taxonomy":"category","embeddable":true,"href":"https:\/\/www.lejournalduforkane.com\/index.php\/wp-json\/wp\/v2\/categories?post=18031"},{"taxonomy":"post_tag","embeddable":true,"href":"https:\/\/www.lejournalduforkane.com\/index.php\/wp-json\/wp\/v2\/tags?post=18031"}],"curies":[{"name":"wp","href":"https:\/\/api.w.org\/{rel}","templated":true}]}}