
{"id":18082,"date":"2017-10-16T18:36:58","date_gmt":"2017-10-16T18:36:58","guid":{"rendered":"https:\/\/www.lejournalduforkane.com\/?p=18082"},"modified":"2017-10-16T18:36:58","modified_gmt":"2017-10-16T18:36:58","slug":"les-forces-irakiennes-entrent-dans-le-centre-de-kirkouk","status":"publish","type":"post","link":"https:\/\/www.lejournalduforkane.com\/index.php\/les-forces-irakiennes-entrent-dans-le-centre-de-kirkouk\/","title":{"rendered":"Les forces irakiennes entrent dans le centre de Kirkouk"},"content":{"rendered":"<p><!--more--><\/p>\n<p style=\"text-align: justify;\">Les troupes irakiennes sont entr\u00e9es dans la ville de Kirkouk qui est au c\u0153ur d&rsquo;un contentieux entre Bagdad et Erbil, exacerb\u00e9 par le r\u00e9f\u00e9rendum kurde. Elles y ont d\u00e9croch\u00e9 les drapeaux kurdes des b\u00e2timents et des postes de contr\u00f4le pour les remplacer par des drapeaux irakiens.<\/p>\n<p><iframe loading=\"lazy\" src=\"https:\/\/www.youtube.com\/embed\/zvRGWPpv9dk\" width=\"560\" height=\"315\" frameborder=\"0\" allowfullscreen=\"allowfullscreen\"><\/iframe><\/p>\n","protected":false},"excerpt":{"rendered":"Les troupes irakiennes sont entr\u00e9es dans la ville de Kirkouk qui est au c\u0153ur d'un contentieux entre Bagdad et Erbil, exacerb\u00e9 par le r\u00e9f\u00e9rendum kurde. Elles y ont d\u00e9croch\u00e9 les","protected":false},"author":2,"featured_media":0,"comment_status":"closed","ping_status":"open","sticky":false,"template":"","format":"standard","meta":[],"categories":[49],"tags":[],"_links":{"self":[{"href":"https:\/\/www.lejournalduforkane.com\/index.php\/wp-json\/wp\/v2\/posts\/18082"}],"collection":[{"href":"https:\/\/www.lejournalduforkane.com\/index.php\/wp-json\/wp\/v2\/posts"}],"about":[{"href":"https:\/\/www.lejournalduforkane.com\/index.php\/wp-json\/wp\/v2\/types\/post"}],"author":[{"embeddable":true,"href":"https:\/\/www.lejournalduforkane.com\/index.php\/wp-json\/wp\/v2\/users\/2"}],"replies":[{"embeddable":true,"href":"https:\/\/www.lejournalduforkane.com\/index.php\/wp-json\/wp\/v2\/comments?post=18082"}],"version-history":[{"count":1,"href":"https:\/\/www.lejournalduforkane.com\/index.php\/wp-json\/wp\/v2\/posts\/18082\/revisions"}],"predecessor-version":[{"id":18084,"href":"https:\/\/www.lejournalduforkane.com\/index.php\/wp-json\/wp\/v2\/posts\/18082\/revisions\/18084"}],"wp:attachment":[{"href":"https:\/\/www.lejournalduforkane.com\/index.php\/wp-json\/wp\/v2\/media?parent=18082"}],"wp:term":[{"taxonomy":"category","embeddable":true,"href":"https:\/\/www.lejournalduforkane.com\/index.php\/wp-json\/wp\/v2\/categories?post=18082"},{"taxonomy":"post_tag","embeddable":true,"href":"https:\/\/www.lejournalduforkane.com\/index.php\/wp-json\/wp\/v2\/tags?post=18082"}],"curies":[{"name":"wp","href":"https:\/\/api.w.org\/{rel}","templated":true}]}}