
{"id":18085,"date":"2017-10-16T18:40:30","date_gmt":"2017-10-16T18:40:30","guid":{"rendered":"https:\/\/www.lejournalduforkane.com\/?p=18085"},"modified":"2017-10-16T18:40:30","modified_gmt":"2017-10-16T18:40:30","slug":"video-des-centaines-dhabitants-de-kirkouk-accueillent-et-saluent-les-forces-irakiennes","status":"publish","type":"post","link":"https:\/\/www.lejournalduforkane.com\/index.php\/video-des-centaines-dhabitants-de-kirkouk-accueillent-et-saluent-les-forces-irakiennes\/","title":{"rendered":"[Vid\u00e9o] | Des centaines d&rsquo;habitants de Kirkouk accueillent et saluent les forces irakiennes"},"content":{"rendered":"<p><!--more--><\/p>\n<p>[Vid\u00e9o] | Des centaines d&rsquo;habitants de Kirkouk accueillent et saluent les forces irakiennes d\u00e8s leur entr\u00e9e dans la ville . Les Kurdes peshmerga fuient actuellement la ville.<br \/>\n<iframe loading=\"lazy\" src=\"https:\/\/www.youtube.com\/embed\/gIKYlEnV29A\" width=\"560\" height=\"315\" frameborder=\"0\" allowfullscreen=\"allowfullscreen\"><\/iframe><\/p>\n","protected":false},"excerpt":{"rendered":"[Vid\u00e9o] | Des centaines d'habitants de Kirkouk accueillent et saluent les forces irakiennes d\u00e8s leur entr\u00e9e dans la ville . Les Kurdes peshmerga fuient actuellement la ville.","protected":false},"author":2,"featured_media":0,"comment_status":"closed","ping_status":"open","sticky":false,"template":"","format":"standard","meta":[],"categories":[49],"tags":[],"_links":{"self":[{"href":"https:\/\/www.lejournalduforkane.com\/index.php\/wp-json\/wp\/v2\/posts\/18085"}],"collection":[{"href":"https:\/\/www.lejournalduforkane.com\/index.php\/wp-json\/wp\/v2\/posts"}],"about":[{"href":"https:\/\/www.lejournalduforkane.com\/index.php\/wp-json\/wp\/v2\/types\/post"}],"author":[{"embeddable":true,"href":"https:\/\/www.lejournalduforkane.com\/index.php\/wp-json\/wp\/v2\/users\/2"}],"replies":[{"embeddable":true,"href":"https:\/\/www.lejournalduforkane.com\/index.php\/wp-json\/wp\/v2\/comments?post=18085"}],"version-history":[{"count":1,"href":"https:\/\/www.lejournalduforkane.com\/index.php\/wp-json\/wp\/v2\/posts\/18085\/revisions"}],"predecessor-version":[{"id":18087,"href":"https:\/\/www.lejournalduforkane.com\/index.php\/wp-json\/wp\/v2\/posts\/18085\/revisions\/18087"}],"wp:attachment":[{"href":"https:\/\/www.lejournalduforkane.com\/index.php\/wp-json\/wp\/v2\/media?parent=18085"}],"wp:term":[{"taxonomy":"category","embeddable":true,"href":"https:\/\/www.lejournalduforkane.com\/index.php\/wp-json\/wp\/v2\/categories?post=18085"},{"taxonomy":"post_tag","embeddable":true,"href":"https:\/\/www.lejournalduforkane.com\/index.php\/wp-json\/wp\/v2\/tags?post=18085"}],"curies":[{"name":"wp","href":"https:\/\/api.w.org\/{rel}","templated":true}]}}