
{"id":18089,"date":"2017-10-18T18:49:57","date_gmt":"2017-10-18T18:49:57","guid":{"rendered":"https:\/\/www.lejournalduforkane.com\/?p=18089"},"modified":"2017-10-18T18:49:57","modified_gmt":"2017-10-18T18:49:57","slug":"video-moment-historique-a-kirkouk-levee-du-drapeau-irakien-apres-3-annees-dabsence","status":"publish","type":"post","link":"https:\/\/www.lejournalduforkane.com\/index.php\/video-moment-historique-a-kirkouk-levee-du-drapeau-irakien-apres-3-annees-dabsence\/","title":{"rendered":"[Vid\u00e9o] | Moment Historique \u00e0 Kirkouk : lev\u00e9e du drapeau irakien apr\u00e8s 3 ann\u00e9es d&rsquo;absence"},"content":{"rendered":"<p><!--more--><\/p>\n<p style=\"text-align: justify;\">[Vid\u00e9o] | Moment Historique \u00e0 Kirkouk : lev\u00e9e du drapeau irakien apr\u00e8s 3 ann\u00e9es d&rsquo;absence sur les b\u00e2timents officiels de la province de Kirkouk, en pr\u00e9sence du Hajj Hadi el-&lsquo;Amiri, et du Hajj Abou Mahdi l&rsquo;ing\u00e9nieur.<\/p>\n<p><iframe loading=\"lazy\" src=\"https:\/\/www.youtube.com\/embed\/rCPamEN8Hc8\" width=\"560\" height=\"315\" frameborder=\"0\" allowfullscreen=\"allowfullscreen\"><\/iframe><\/p>\n","protected":false},"excerpt":{"rendered":"[Vid\u00e9o] | Moment Historique \u00e0 Kirkouk : lev\u00e9e du drapeau irakien apr\u00e8s 3 ann\u00e9es d'absence sur les b\u00e2timents officiels de la province de Kirkouk, en pr\u00e9sence du Hajj Hadi el-'Amiri,","protected":false},"author":2,"featured_media":0,"comment_status":"closed","ping_status":"open","sticky":false,"template":"","format":"standard","meta":[],"categories":[49],"tags":[],"_links":{"self":[{"href":"https:\/\/www.lejournalduforkane.com\/index.php\/wp-json\/wp\/v2\/posts\/18089"}],"collection":[{"href":"https:\/\/www.lejournalduforkane.com\/index.php\/wp-json\/wp\/v2\/posts"}],"about":[{"href":"https:\/\/www.lejournalduforkane.com\/index.php\/wp-json\/wp\/v2\/types\/post"}],"author":[{"embeddable":true,"href":"https:\/\/www.lejournalduforkane.com\/index.php\/wp-json\/wp\/v2\/users\/2"}],"replies":[{"embeddable":true,"href":"https:\/\/www.lejournalduforkane.com\/index.php\/wp-json\/wp\/v2\/comments?post=18089"}],"version-history":[{"count":1,"href":"https:\/\/www.lejournalduforkane.com\/index.php\/wp-json\/wp\/v2\/posts\/18089\/revisions"}],"predecessor-version":[{"id":18091,"href":"https:\/\/www.lejournalduforkane.com\/index.php\/wp-json\/wp\/v2\/posts\/18089\/revisions\/18091"}],"wp:attachment":[{"href":"https:\/\/www.lejournalduforkane.com\/index.php\/wp-json\/wp\/v2\/media?parent=18089"}],"wp:term":[{"taxonomy":"category","embeddable":true,"href":"https:\/\/www.lejournalduforkane.com\/index.php\/wp-json\/wp\/v2\/categories?post=18089"},{"taxonomy":"post_tag","embeddable":true,"href":"https:\/\/www.lejournalduforkane.com\/index.php\/wp-json\/wp\/v2\/tags?post=18089"}],"curies":[{"name":"wp","href":"https:\/\/api.w.org\/{rel}","templated":true}]}}