
{"id":18099,"date":"2017-10-18T19:00:00","date_gmt":"2017-10-18T19:00:00","guid":{"rendered":"https:\/\/www.lejournalduforkane.com\/?p=18099"},"modified":"2017-10-18T19:00:00","modified_gmt":"2017-10-18T19:00:00","slug":"le-drapeau-palestinien-a-peut-etre-ete-enleve-a-la-mosquee-al-aqsa-mais-en-irlande-il-flotte-au-dessus-des-administrations-publiques","status":"publish","type":"post","link":"https:\/\/www.lejournalduforkane.com\/index.php\/le-drapeau-palestinien-a-peut-etre-ete-enleve-a-la-mosquee-al-aqsa-mais-en-irlande-il-flotte-au-dessus-des-administrations-publiques\/","title":{"rendered":"Le Drapeau Palestinien a peut-\u00eatre \u00e9t\u00e9 enlev\u00e9 \u00e0 la mosqu\u00e9e Al-Aqsa mais en Irlande, il flotte au dessus des administrations publiques"},"content":{"rendered":"<p><!--more--><br \/>\n<iframe loading=\"lazy\" src=\"https:\/\/www.youtube.com\/embed\/o0flfC975LI\" width=\"560\" height=\"315\" frameborder=\"0\" allowfullscreen=\"allowfullscreen\"><\/iframe><\/p>\n","protected":false},"excerpt":{"rendered":"","protected":false},"author":2,"featured_media":0,"comment_status":"closed","ping_status":"open","sticky":false,"template":"","format":"standard","meta":[],"categories":[49],"tags":[],"_links":{"self":[{"href":"https:\/\/www.lejournalduforkane.com\/index.php\/wp-json\/wp\/v2\/posts\/18099"}],"collection":[{"href":"https:\/\/www.lejournalduforkane.com\/index.php\/wp-json\/wp\/v2\/posts"}],"about":[{"href":"https:\/\/www.lejournalduforkane.com\/index.php\/wp-json\/wp\/v2\/types\/post"}],"author":[{"embeddable":true,"href":"https:\/\/www.lejournalduforkane.com\/index.php\/wp-json\/wp\/v2\/users\/2"}],"replies":[{"embeddable":true,"href":"https:\/\/www.lejournalduforkane.com\/index.php\/wp-json\/wp\/v2\/comments?post=18099"}],"version-history":[{"count":1,"href":"https:\/\/www.lejournalduforkane.com\/index.php\/wp-json\/wp\/v2\/posts\/18099\/revisions"}],"predecessor-version":[{"id":18101,"href":"https:\/\/www.lejournalduforkane.com\/index.php\/wp-json\/wp\/v2\/posts\/18099\/revisions\/18101"}],"wp:attachment":[{"href":"https:\/\/www.lejournalduforkane.com\/index.php\/wp-json\/wp\/v2\/media?parent=18099"}],"wp:term":[{"taxonomy":"category","embeddable":true,"href":"https:\/\/www.lejournalduforkane.com\/index.php\/wp-json\/wp\/v2\/categories?post=18099"},{"taxonomy":"post_tag","embeddable":true,"href":"https:\/\/www.lejournalduforkane.com\/index.php\/wp-json\/wp\/v2\/tags?post=18099"}],"curies":[{"name":"wp","href":"https:\/\/api.w.org\/{rel}","templated":true}]}}