
{"id":18105,"date":"2017-10-20T17:47:26","date_gmt":"2017-10-20T17:47:26","guid":{"rendered":"https:\/\/www.lejournalduforkane.com\/?p=18105"},"modified":"2017-10-20T17:47:26","modified_gmt":"2017-10-20T17:47:26","slug":"video-le-president-du-parlement-koweitien-demande-au-delegue-israelien-de-quitter-la-conference-de-la-federation-parlementaire-internationale","status":"publish","type":"post","link":"https:\/\/www.lejournalduforkane.com\/index.php\/video-le-president-du-parlement-koweitien-demande-au-delegue-israelien-de-quitter-la-conference-de-la-federation-parlementaire-internationale\/","title":{"rendered":"[Vid\u00e9o] | Le pr\u00e9sident du parlement kowe\u00eftien demande au d\u00e9l\u00e9gu\u00e9 isra\u00e9lien de quitter la conf\u00e9rence de la f\u00e9d\u00e9ration parlementaire internationale&#8230;"},"content":{"rendered":"<p><!--more--><\/p>\n<p style=\"text-align: justify;\">\u00ab\u00a0Sors de la salle si tu as un atome de dignit\u00e9, esp\u00e8ce d&rsquo;occupant..de tueur d&rsquo;enfants \u00ab\u00a0, apr\u00e8s quoi, le d\u00e9l\u00e9gu\u00e9 isra\u00e9lien a fait semblant d&rsquo;avoir de l&rsquo;honneur&#8230;<\/p>\n<p style=\"text-align: justify;\">REGARDEZ ET PARTAGEZ LA VID\u00c9O<\/p>\n<p><iframe loading=\"lazy\" src=\"https:\/\/www.youtube.com\/embed\/wfkLMsF2RcU\" width=\"560\" height=\"315\" frameborder=\"0\" allowfullscreen=\"allowfullscreen\"><\/iframe><\/p>\n","protected":false},"excerpt":{"rendered":"\"Sors de la salle si tu as un atome de dignit\u00e9, esp\u00e8ce d'occupant..de tueur d'enfants \", apr\u00e8s quoi, le d\u00e9l\u00e9gu\u00e9 isra\u00e9lien a fait semblant d'avoir de l'honneur... REGARDEZ ET PARTAGEZ","protected":false},"author":2,"featured_media":0,"comment_status":"closed","ping_status":"open","sticky":false,"template":"","format":"standard","meta":[],"categories":[49],"tags":[],"_links":{"self":[{"href":"https:\/\/www.lejournalduforkane.com\/index.php\/wp-json\/wp\/v2\/posts\/18105"}],"collection":[{"href":"https:\/\/www.lejournalduforkane.com\/index.php\/wp-json\/wp\/v2\/posts"}],"about":[{"href":"https:\/\/www.lejournalduforkane.com\/index.php\/wp-json\/wp\/v2\/types\/post"}],"author":[{"embeddable":true,"href":"https:\/\/www.lejournalduforkane.com\/index.php\/wp-json\/wp\/v2\/users\/2"}],"replies":[{"embeddable":true,"href":"https:\/\/www.lejournalduforkane.com\/index.php\/wp-json\/wp\/v2\/comments?post=18105"}],"version-history":[{"count":1,"href":"https:\/\/www.lejournalduforkane.com\/index.php\/wp-json\/wp\/v2\/posts\/18105\/revisions"}],"predecessor-version":[{"id":18107,"href":"https:\/\/www.lejournalduforkane.com\/index.php\/wp-json\/wp\/v2\/posts\/18105\/revisions\/18107"}],"wp:attachment":[{"href":"https:\/\/www.lejournalduforkane.com\/index.php\/wp-json\/wp\/v2\/media?parent=18105"}],"wp:term":[{"taxonomy":"category","embeddable":true,"href":"https:\/\/www.lejournalduforkane.com\/index.php\/wp-json\/wp\/v2\/categories?post=18105"},{"taxonomy":"post_tag","embeddable":true,"href":"https:\/\/www.lejournalduforkane.com\/index.php\/wp-json\/wp\/v2\/tags?post=18105"}],"curies":[{"name":"wp","href":"https:\/\/api.w.org\/{rel}","templated":true}]}}