
{"id":18111,"date":"2017-10-20T17:57:42","date_gmt":"2017-10-20T17:57:42","guid":{"rendered":"https:\/\/www.lejournalduforkane.com\/?p=18111"},"modified":"2017-10-20T17:57:42","modified_gmt":"2017-10-20T17:57:42","slug":"video-il-y-a-quelques-jours-une-quantite-incroyable-darmes-appartenant-a-daesh-a-ete-saisie-par-larmee-arabe-syrienne-dans-la-ville-dal-mayadeen","status":"publish","type":"post","link":"https:\/\/www.lejournalduforkane.com\/index.php\/video-il-y-a-quelques-jours-une-quantite-incroyable-darmes-appartenant-a-daesh-a-ete-saisie-par-larmee-arabe-syrienne-dans-la-ville-dal-mayadeen\/","title":{"rendered":"[Vid\u00e9o] | Il y a quelques jours, une quantit\u00e9 incroyable d&rsquo;armes appartenant \u00e0 Daesh a \u00e9t\u00e9 saisie par l&rsquo;Arm\u00e9e Arabe Syrienne dans la ville d&rsquo;Al Mayadeen"},"content":{"rendered":"<p><!--more--><\/p>\n<p>La vid\u00e9o montre seulement 25% des armes saisies jusqu&rsquo;\u00e0 pr\u00e9sent..<br \/>\n<iframe loading=\"lazy\" src=\"https:\/\/www.youtube.com\/embed\/kdRFSX6FiTk\" width=\"560\" height=\"315\" frameborder=\"0\" allowfullscreen=\"allowfullscreen\"><\/iframe><\/p>\n","protected":false},"excerpt":{"rendered":"La vid\u00e9o montre seulement 25% des armes saisies jusqu'\u00e0 pr\u00e9sent..","protected":false},"author":2,"featured_media":0,"comment_status":"closed","ping_status":"open","sticky":false,"template":"","format":"standard","meta":[],"categories":[49],"tags":[],"_links":{"self":[{"href":"https:\/\/www.lejournalduforkane.com\/index.php\/wp-json\/wp\/v2\/posts\/18111"}],"collection":[{"href":"https:\/\/www.lejournalduforkane.com\/index.php\/wp-json\/wp\/v2\/posts"}],"about":[{"href":"https:\/\/www.lejournalduforkane.com\/index.php\/wp-json\/wp\/v2\/types\/post"}],"author":[{"embeddable":true,"href":"https:\/\/www.lejournalduforkane.com\/index.php\/wp-json\/wp\/v2\/users\/2"}],"replies":[{"embeddable":true,"href":"https:\/\/www.lejournalduforkane.com\/index.php\/wp-json\/wp\/v2\/comments?post=18111"}],"version-history":[{"count":1,"href":"https:\/\/www.lejournalduforkane.com\/index.php\/wp-json\/wp\/v2\/posts\/18111\/revisions"}],"predecessor-version":[{"id":18113,"href":"https:\/\/www.lejournalduforkane.com\/index.php\/wp-json\/wp\/v2\/posts\/18111\/revisions\/18113"}],"wp:attachment":[{"href":"https:\/\/www.lejournalduforkane.com\/index.php\/wp-json\/wp\/v2\/media?parent=18111"}],"wp:term":[{"taxonomy":"category","embeddable":true,"href":"https:\/\/www.lejournalduforkane.com\/index.php\/wp-json\/wp\/v2\/categories?post=18111"},{"taxonomy":"post_tag","embeddable":true,"href":"https:\/\/www.lejournalduforkane.com\/index.php\/wp-json\/wp\/v2\/tags?post=18111"}],"curies":[{"name":"wp","href":"https:\/\/api.w.org\/{rel}","templated":true}]}}