
{"id":18114,"date":"2017-10-20T18:39:58","date_gmt":"2017-10-20T18:39:58","guid":{"rendered":"https:\/\/www.lejournalduforkane.com\/?p=18114"},"modified":"2017-10-20T18:39:58","modified_gmt":"2017-10-20T18:39:58","slug":"video-le-guide-supreme-iranien-ali-khamenei-washington-sera-derechef-battu-et-vaincu-par-la-nation-iranienne-revolutionnaire","status":"publish","type":"post","link":"https:\/\/www.lejournalduforkane.com\/index.php\/video-le-guide-supreme-iranien-ali-khamenei-washington-sera-derechef-battu-et-vaincu-par-la-nation-iranienne-revolutionnaire\/","title":{"rendered":"[Vid\u00e9o] | Le guide supr\u00eame iranien &#8211; Ali Khamenei : \u00ab Washington sera derechef battu et vaincu par la nation iranienne r\u00e9volutionnaire \u00bb"},"content":{"rendered":"<p style=\"text-align: justify;\"><!--more--><\/p>\n<p style=\"text-align: justify;\">Lors d&rsquo;un discours \u00e0 T\u00e9h\u00e9ran, le guide supr\u00eame iranien a rappel\u00e9 l&rsquo;engagement de son pays dans l&rsquo;accord international sur le nucl\u00e9aire et s&rsquo;en est pris \u00e0 Donald Trump qui avait accus\u00e9 l&rsquo;Iran d&rsquo;\u00eatre une source du terrorisme.<\/p>\n<p><iframe loading=\"lazy\" src=\"https:\/\/www.youtube.com\/embed\/DBiwQgXzKbY\" width=\"560\" height=\"315\" frameborder=\"0\" allowfullscreen=\"allowfullscreen\"><\/iframe><\/p>\n","protected":false},"excerpt":{"rendered":"Lors d'un discours \u00e0 T\u00e9h\u00e9ran, le guide supr\u00eame iranien a rappel\u00e9 l'engagement de son pays dans l'accord international sur le nucl\u00e9aire et s'en est pris \u00e0 Donald Trump qui avait","protected":false},"author":2,"featured_media":0,"comment_status":"closed","ping_status":"open","sticky":false,"template":"","format":"standard","meta":[],"categories":[49],"tags":[],"_links":{"self":[{"href":"https:\/\/www.lejournalduforkane.com\/index.php\/wp-json\/wp\/v2\/posts\/18114"}],"collection":[{"href":"https:\/\/www.lejournalduforkane.com\/index.php\/wp-json\/wp\/v2\/posts"}],"about":[{"href":"https:\/\/www.lejournalduforkane.com\/index.php\/wp-json\/wp\/v2\/types\/post"}],"author":[{"embeddable":true,"href":"https:\/\/www.lejournalduforkane.com\/index.php\/wp-json\/wp\/v2\/users\/2"}],"replies":[{"embeddable":true,"href":"https:\/\/www.lejournalduforkane.com\/index.php\/wp-json\/wp\/v2\/comments?post=18114"}],"version-history":[{"count":1,"href":"https:\/\/www.lejournalduforkane.com\/index.php\/wp-json\/wp\/v2\/posts\/18114\/revisions"}],"predecessor-version":[{"id":18116,"href":"https:\/\/www.lejournalduforkane.com\/index.php\/wp-json\/wp\/v2\/posts\/18114\/revisions\/18116"}],"wp:attachment":[{"href":"https:\/\/www.lejournalduforkane.com\/index.php\/wp-json\/wp\/v2\/media?parent=18114"}],"wp:term":[{"taxonomy":"category","embeddable":true,"href":"https:\/\/www.lejournalduforkane.com\/index.php\/wp-json\/wp\/v2\/categories?post=18114"},{"taxonomy":"post_tag","embeddable":true,"href":"https:\/\/www.lejournalduforkane.com\/index.php\/wp-json\/wp\/v2\/tags?post=18114"}],"curies":[{"name":"wp","href":"https:\/\/api.w.org\/{rel}","templated":true}]}}