
{"id":18128,"date":"2017-10-22T08:55:03","date_gmt":"2017-10-22T08:55:03","guid":{"rendered":"https:\/\/www.lejournalduforkane.com\/?p=18128"},"modified":"2017-10-22T08:55:03","modified_gmt":"2017-10-22T08:55:03","slug":"daech-revendique-les-attaques-suicides-dans-des-mosquees-chiites-et-sunnites-en-afghanistan","status":"publish","type":"post","link":"https:\/\/www.lejournalduforkane.com\/index.php\/daech-revendique-les-attaques-suicides-dans-des-mosquees-chiites-et-sunnites-en-afghanistan\/","title":{"rendered":"Daech revendique les attaques suicides dans des mosqu\u00e9es chiites et sunnites en Afghanistan"},"content":{"rendered":"<p style=\"text-align: justify;\"><!--more--><\/p>\n<p style=\"text-align: justify;\">Pr\u00e8s de 60 personnes ont \u00e9t\u00e9 tu\u00e9es hier, 20 octobre 2017 dans 2 attentats en Afghanistan, l\u2019un visant les musulmans chiites \u00e0 Kaboul, l\u2019autre une mosqu\u00e9e fr\u00e9quent\u00e9e par les musulmans sunnites dans le centre du pays.<\/p>\n<p style=\"text-align: justify;\">MORT AUX SALAFISTES<\/p>\n<p><iframe loading=\"lazy\" src=\"https:\/\/www.youtube.com\/embed\/8L4FNU8XQxI\" width=\"560\" height=\"315\" frameborder=\"0\" allowfullscreen=\"allowfullscreen\"><\/iframe><\/p>\n","protected":false},"excerpt":{"rendered":"Pr\u00e8s de 60 personnes ont \u00e9t\u00e9 tu\u00e9es hier, 20 octobre 2017 dans 2 attentats en Afghanistan, l\u2019un visant les musulmans chiites \u00e0 Kaboul, l\u2019autre une mosqu\u00e9e fr\u00e9quent\u00e9e par les musulmans","protected":false},"author":2,"featured_media":0,"comment_status":"closed","ping_status":"open","sticky":false,"template":"","format":"standard","meta":[],"categories":[49],"tags":[],"_links":{"self":[{"href":"https:\/\/www.lejournalduforkane.com\/index.php\/wp-json\/wp\/v2\/posts\/18128"}],"collection":[{"href":"https:\/\/www.lejournalduforkane.com\/index.php\/wp-json\/wp\/v2\/posts"}],"about":[{"href":"https:\/\/www.lejournalduforkane.com\/index.php\/wp-json\/wp\/v2\/types\/post"}],"author":[{"embeddable":true,"href":"https:\/\/www.lejournalduforkane.com\/index.php\/wp-json\/wp\/v2\/users\/2"}],"replies":[{"embeddable":true,"href":"https:\/\/www.lejournalduforkane.com\/index.php\/wp-json\/wp\/v2\/comments?post=18128"}],"version-history":[{"count":1,"href":"https:\/\/www.lejournalduforkane.com\/index.php\/wp-json\/wp\/v2\/posts\/18128\/revisions"}],"predecessor-version":[{"id":18130,"href":"https:\/\/www.lejournalduforkane.com\/index.php\/wp-json\/wp\/v2\/posts\/18128\/revisions\/18130"}],"wp:attachment":[{"href":"https:\/\/www.lejournalduforkane.com\/index.php\/wp-json\/wp\/v2\/media?parent=18128"}],"wp:term":[{"taxonomy":"category","embeddable":true,"href":"https:\/\/www.lejournalduforkane.com\/index.php\/wp-json\/wp\/v2\/categories?post=18128"},{"taxonomy":"post_tag","embeddable":true,"href":"https:\/\/www.lejournalduforkane.com\/index.php\/wp-json\/wp\/v2\/tags?post=18128"}],"curies":[{"name":"wp","href":"https:\/\/api.w.org\/{rel}","templated":true}]}}