
{"id":18137,"date":"2017-10-22T18:45:52","date_gmt":"2017-10-22T18:45:52","guid":{"rendered":"https:\/\/www.lejournalduforkane.com\/?p=18137"},"modified":"2017-10-22T18:45:52","modified_gmt":"2017-10-22T18:45:52","slug":"video-vieux-palestinien-et-sa-famille-forces-de-demenager-dans-une-grotte-apres-quisrael-a-demoli-leurs-maisons-de-fortune-dans-le-village-de-halaweh-aujourdhui","status":"publish","type":"post","link":"https:\/\/www.lejournalduforkane.com\/index.php\/video-vieux-palestinien-et-sa-famille-forces-de-demenager-dans-une-grotte-apres-quisrael-a-demoli-leurs-maisons-de-fortune-dans-le-village-de-halaweh-aujourdhui\/","title":{"rendered":"[Vid\u00e9o] | Vieux Palestinien et sa famille forc\u00e9s de d\u00e9m\u00e9nager dans une grotte apr\u00e8s qu&rsquo;Isra\u00ebl a d\u00e9moli leurs maisons de fortune dans le village de Halaweh aujourd&rsquo;hui"},"content":{"rendered":"<p><!--more--><\/p>\n<p><iframe loading=\"lazy\" src=\"https:\/\/www.youtube.com\/embed\/0bovnDsaCAo\" width=\"560\" height=\"315\" frameborder=\"0\" allowfullscreen=\"allowfullscreen\"><\/iframe><\/p>\n","protected":false},"excerpt":{"rendered":"","protected":false},"author":2,"featured_media":0,"comment_status":"closed","ping_status":"open","sticky":false,"template":"","format":"standard","meta":[],"categories":[49],"tags":[],"_links":{"self":[{"href":"https:\/\/www.lejournalduforkane.com\/index.php\/wp-json\/wp\/v2\/posts\/18137"}],"collection":[{"href":"https:\/\/www.lejournalduforkane.com\/index.php\/wp-json\/wp\/v2\/posts"}],"about":[{"href":"https:\/\/www.lejournalduforkane.com\/index.php\/wp-json\/wp\/v2\/types\/post"}],"author":[{"embeddable":true,"href":"https:\/\/www.lejournalduforkane.com\/index.php\/wp-json\/wp\/v2\/users\/2"}],"replies":[{"embeddable":true,"href":"https:\/\/www.lejournalduforkane.com\/index.php\/wp-json\/wp\/v2\/comments?post=18137"}],"version-history":[{"count":1,"href":"https:\/\/www.lejournalduforkane.com\/index.php\/wp-json\/wp\/v2\/posts\/18137\/revisions"}],"predecessor-version":[{"id":18139,"href":"https:\/\/www.lejournalduforkane.com\/index.php\/wp-json\/wp\/v2\/posts\/18137\/revisions\/18139"}],"wp:attachment":[{"href":"https:\/\/www.lejournalduforkane.com\/index.php\/wp-json\/wp\/v2\/media?parent=18137"}],"wp:term":[{"taxonomy":"category","embeddable":true,"href":"https:\/\/www.lejournalduforkane.com\/index.php\/wp-json\/wp\/v2\/categories?post=18137"},{"taxonomy":"post_tag","embeddable":true,"href":"https:\/\/www.lejournalduforkane.com\/index.php\/wp-json\/wp\/v2\/tags?post=18137"}],"curies":[{"name":"wp","href":"https:\/\/api.w.org\/{rel}","templated":true}]}}