
{"id":18143,"date":"2017-10-23T15:02:58","date_gmt":"2017-10-23T15:02:58","guid":{"rendered":"https:\/\/www.lejournalduforkane.com\/?p=18143"},"modified":"2017-10-23T15:02:58","modified_gmt":"2017-10-23T15:02:58","slug":"video-des-habitants-dal-qaryatayn-syrie-liberee-de-daesh-temoignent-ils-nous-ont-attaques-comme-des-animaux","status":"publish","type":"post","link":"https:\/\/www.lejournalduforkane.com\/index.php\/video-des-habitants-dal-qaryatayn-syrie-liberee-de-daesh-temoignent-ils-nous-ont-attaques-comme-des-animaux\/","title":{"rendered":"[Vid\u00e9o] | Des habitants d\u2019Al-Qaryatayn (Syrie) lib\u00e9r\u00e9e de Daesh t\u00e9moignent : \u00abIls nous ont attaqu\u00e9s comme des animaux\u00bb"},"content":{"rendered":"<p><!--more--><\/p>\n<p style=\"text-align: justify;\">Des habitants de la ville syrienne d\u2019Al-Qaryatayn, d\u2019o\u00f9 l\u2019arm\u00e9e syrienne a chass\u00e9 le 21 octobre les terroristes salafistes de Daesh, ont racont\u00e9 l\u2019horreur qu\u2019ils ont v\u00e9cue. Daesh avait conquis la ville en 2015 avant de la perdre en 2016 puis de la reprendre d\u00e9but octobre 2017.<\/p>\n<p><iframe loading=\"lazy\" src=\"https:\/\/www.youtube.com\/embed\/D986FOWjguM\" width=\"560\" height=\"315\" frameborder=\"0\" allowfullscreen=\"allowfullscreen\"><\/iframe><\/p>\n","protected":false},"excerpt":{"rendered":"Des habitants de la ville syrienne d\u2019Al-Qaryatayn, d\u2019o\u00f9 l\u2019arm\u00e9e syrienne a chass\u00e9 le 21 octobre les terroristes salafistes de Daesh, ont racont\u00e9 l\u2019horreur qu\u2019ils ont v\u00e9cue. Daesh avait conquis la","protected":false},"author":2,"featured_media":0,"comment_status":"closed","ping_status":"open","sticky":false,"template":"","format":"standard","meta":[],"categories":[49],"tags":[],"_links":{"self":[{"href":"https:\/\/www.lejournalduforkane.com\/index.php\/wp-json\/wp\/v2\/posts\/18143"}],"collection":[{"href":"https:\/\/www.lejournalduforkane.com\/index.php\/wp-json\/wp\/v2\/posts"}],"about":[{"href":"https:\/\/www.lejournalduforkane.com\/index.php\/wp-json\/wp\/v2\/types\/post"}],"author":[{"embeddable":true,"href":"https:\/\/www.lejournalduforkane.com\/index.php\/wp-json\/wp\/v2\/users\/2"}],"replies":[{"embeddable":true,"href":"https:\/\/www.lejournalduforkane.com\/index.php\/wp-json\/wp\/v2\/comments?post=18143"}],"version-history":[{"count":1,"href":"https:\/\/www.lejournalduforkane.com\/index.php\/wp-json\/wp\/v2\/posts\/18143\/revisions"}],"predecessor-version":[{"id":18145,"href":"https:\/\/www.lejournalduforkane.com\/index.php\/wp-json\/wp\/v2\/posts\/18143\/revisions\/18145"}],"wp:attachment":[{"href":"https:\/\/www.lejournalduforkane.com\/index.php\/wp-json\/wp\/v2\/media?parent=18143"}],"wp:term":[{"taxonomy":"category","embeddable":true,"href":"https:\/\/www.lejournalduforkane.com\/index.php\/wp-json\/wp\/v2\/categories?post=18143"},{"taxonomy":"post_tag","embeddable":true,"href":"https:\/\/www.lejournalduforkane.com\/index.php\/wp-json\/wp\/v2\/tags?post=18143"}],"curies":[{"name":"wp","href":"https:\/\/api.w.org\/{rel}","templated":true}]}}