
{"id":18149,"date":"2017-10-25T18:45:02","date_gmt":"2017-10-25T18:45:02","guid":{"rendered":"https:\/\/www.lejournalduforkane.com\/?p=18149"},"modified":"2017-10-25T18:45:02","modified_gmt":"2017-10-25T18:45:02","slug":"daesh-ma-battue-et-ma-laissee-toute-seule-une-handicapee-retrouvee-a-raqqa-8-jours-apres-temoigne","status":"publish","type":"post","link":"https:\/\/www.lejournalduforkane.com\/index.php\/daesh-ma-battue-et-ma-laissee-toute-seule-une-handicapee-retrouvee-a-raqqa-8-jours-apres-temoigne\/","title":{"rendered":"\u00abDaesh m\u2019a battue et m\u2019a laiss\u00e9e toute seule\u00bb : une handicap\u00e9e retrouv\u00e9e \u00e0 Raqqa 8 jours apr\u00e8s t\u00e9moigne"},"content":{"rendered":"<p><!--more--><\/p>\n<p style=\"text-align: justify;\">A Raqqa, r\u00e9cemment lib\u00e9r\u00e9e de Daesh, une femme incapable de marcher a pass\u00e9 seule 8 jours dans une maison avant d\u2019\u00eatre retrouv\u00e9e. Selon elle, ses fils et petit-fils ont \u00e9t\u00e9 tu\u00e9s, et sa belle-fille l\u2019a abandonn\u00e9e.<br \/>\n<iframe loading=\"lazy\" src=\"https:\/\/www.youtube.com\/embed\/faittGNuGJ4\" width=\"560\" height=\"315\" frameborder=\"0\" allowfullscreen=\"allowfullscreen\"><\/iframe><\/p>\n","protected":false},"excerpt":{"rendered":"A Raqqa, r\u00e9cemment lib\u00e9r\u00e9e de Daesh, une femme incapable de marcher a pass\u00e9 seule 8 jours dans une maison avant d\u2019\u00eatre retrouv\u00e9e. Selon elle, ses fils et petit-fils ont \u00e9t\u00e9","protected":false},"author":2,"featured_media":0,"comment_status":"closed","ping_status":"open","sticky":false,"template":"","format":"standard","meta":[],"categories":[49],"tags":[],"_links":{"self":[{"href":"https:\/\/www.lejournalduforkane.com\/index.php\/wp-json\/wp\/v2\/posts\/18149"}],"collection":[{"href":"https:\/\/www.lejournalduforkane.com\/index.php\/wp-json\/wp\/v2\/posts"}],"about":[{"href":"https:\/\/www.lejournalduforkane.com\/index.php\/wp-json\/wp\/v2\/types\/post"}],"author":[{"embeddable":true,"href":"https:\/\/www.lejournalduforkane.com\/index.php\/wp-json\/wp\/v2\/users\/2"}],"replies":[{"embeddable":true,"href":"https:\/\/www.lejournalduforkane.com\/index.php\/wp-json\/wp\/v2\/comments?post=18149"}],"version-history":[{"count":1,"href":"https:\/\/www.lejournalduforkane.com\/index.php\/wp-json\/wp\/v2\/posts\/18149\/revisions"}],"predecessor-version":[{"id":18151,"href":"https:\/\/www.lejournalduforkane.com\/index.php\/wp-json\/wp\/v2\/posts\/18149\/revisions\/18151"}],"wp:attachment":[{"href":"https:\/\/www.lejournalduforkane.com\/index.php\/wp-json\/wp\/v2\/media?parent=18149"}],"wp:term":[{"taxonomy":"category","embeddable":true,"href":"https:\/\/www.lejournalduforkane.com\/index.php\/wp-json\/wp\/v2\/categories?post=18149"},{"taxonomy":"post_tag","embeddable":true,"href":"https:\/\/www.lejournalduforkane.com\/index.php\/wp-json\/wp\/v2\/tags?post=18149"}],"curies":[{"name":"wp","href":"https:\/\/api.w.org\/{rel}","templated":true}]}}