
{"id":18152,"date":"2017-10-25T18:47:37","date_gmt":"2017-10-25T18:47:37","guid":{"rendered":"https:\/\/www.lejournalduforkane.com\/?p=18152"},"modified":"2017-10-25T18:47:37","modified_gmt":"2017-10-25T18:47:37","slug":"crime-de-guerre-americano-saoudien-au-yemen","status":"publish","type":"post","link":"https:\/\/www.lejournalduforkane.com\/index.php\/crime-de-guerre-americano-saoudien-au-yemen\/","title":{"rendered":"Crime de guerre am\u00e9ricano-Saoudien au Y\u00e9men"},"content":{"rendered":"<p style=\"text-align: justify;\"><!--more--><\/p>\n<p style=\"text-align: justify;\">La coalition am\u00e9ricano-saoudienne a vis\u00e9 le domicile de Hussain Surmi dans le village d&rsquo;al-Jini \u00e0 Maran, Haidan au Y\u00e9men. 14 personnes, principalement des femmes et des enfants, ont \u00e9t\u00e9 tu\u00e9es et 5 sont profond\u00e9ment bless\u00e9es !!!<\/p>\n<p style=\"text-align: justify;\">La communaut\u00e9 internationale doit dire STOP \u00e0 cette coalition Arabo-US.<\/p>\n<p><iframe loading=\"lazy\" src=\"https:\/\/www.youtube.com\/embed\/aIarLbUPXRs\" width=\"560\" height=\"315\" frameborder=\"0\" allowfullscreen=\"allowfullscreen\"><\/iframe><\/p>\n","protected":false},"excerpt":{"rendered":"La coalition am\u00e9ricano-saoudienne a vis\u00e9 le domicile de Hussain Surmi dans le village d'al-Jini \u00e0 Maran, Haidan au Y\u00e9men. 14 personnes, principalement des femmes et des enfants, ont \u00e9t\u00e9 tu\u00e9es","protected":false},"author":2,"featured_media":0,"comment_status":"closed","ping_status":"open","sticky":false,"template":"","format":"standard","meta":[],"categories":[49],"tags":[],"_links":{"self":[{"href":"https:\/\/www.lejournalduforkane.com\/index.php\/wp-json\/wp\/v2\/posts\/18152"}],"collection":[{"href":"https:\/\/www.lejournalduforkane.com\/index.php\/wp-json\/wp\/v2\/posts"}],"about":[{"href":"https:\/\/www.lejournalduforkane.com\/index.php\/wp-json\/wp\/v2\/types\/post"}],"author":[{"embeddable":true,"href":"https:\/\/www.lejournalduforkane.com\/index.php\/wp-json\/wp\/v2\/users\/2"}],"replies":[{"embeddable":true,"href":"https:\/\/www.lejournalduforkane.com\/index.php\/wp-json\/wp\/v2\/comments?post=18152"}],"version-history":[{"count":1,"href":"https:\/\/www.lejournalduforkane.com\/index.php\/wp-json\/wp\/v2\/posts\/18152\/revisions"}],"predecessor-version":[{"id":18154,"href":"https:\/\/www.lejournalduforkane.com\/index.php\/wp-json\/wp\/v2\/posts\/18152\/revisions\/18154"}],"wp:attachment":[{"href":"https:\/\/www.lejournalduforkane.com\/index.php\/wp-json\/wp\/v2\/media?parent=18152"}],"wp:term":[{"taxonomy":"category","embeddable":true,"href":"https:\/\/www.lejournalduforkane.com\/index.php\/wp-json\/wp\/v2\/categories?post=18152"},{"taxonomy":"post_tag","embeddable":true,"href":"https:\/\/www.lejournalduforkane.com\/index.php\/wp-json\/wp\/v2\/tags?post=18152"}],"curies":[{"name":"wp","href":"https:\/\/api.w.org\/{rel}","templated":true}]}}