
{"id":18159,"date":"2017-10-27T18:49:52","date_gmt":"2017-10-27T18:49:52","guid":{"rendered":"https:\/\/www.lejournalduforkane.com\/?p=18159"},"modified":"2017-10-27T18:49:52","modified_gmt":"2017-10-27T18:49:52","slug":"israel-a-demoli-le-village-palestinien-de-al-araqib-du-du-naqab-hier-matin-pour-la-120-eme-fois","status":"publish","type":"post","link":"https:\/\/www.lejournalduforkane.com\/index.php\/israel-a-demoli-le-village-palestinien-de-al-araqib-du-du-naqab-hier-matin-pour-la-120-eme-fois\/","title":{"rendered":"Isra\u00ebl a d\u00e9moli le village palestinien de Al-Araqib du du Naqab hier matin pour la 120 \u00e8me fois"},"content":{"rendered":"<p><!--more--><br \/>\n<iframe loading=\"lazy\" src=\"https:\/\/www.youtube.com\/embed\/NeJ8rYBpYH4\" width=\"560\" height=\"315\" frameborder=\"0\" allowfullscreen=\"allowfullscreen\"><\/iframe><\/p>\n","protected":false},"excerpt":{"rendered":"","protected":false},"author":2,"featured_media":0,"comment_status":"closed","ping_status":"open","sticky":false,"template":"","format":"standard","meta":[],"categories":[49],"tags":[],"_links":{"self":[{"href":"https:\/\/www.lejournalduforkane.com\/index.php\/wp-json\/wp\/v2\/posts\/18159"}],"collection":[{"href":"https:\/\/www.lejournalduforkane.com\/index.php\/wp-json\/wp\/v2\/posts"}],"about":[{"href":"https:\/\/www.lejournalduforkane.com\/index.php\/wp-json\/wp\/v2\/types\/post"}],"author":[{"embeddable":true,"href":"https:\/\/www.lejournalduforkane.com\/index.php\/wp-json\/wp\/v2\/users\/2"}],"replies":[{"embeddable":true,"href":"https:\/\/www.lejournalduforkane.com\/index.php\/wp-json\/wp\/v2\/comments?post=18159"}],"version-history":[{"count":1,"href":"https:\/\/www.lejournalduforkane.com\/index.php\/wp-json\/wp\/v2\/posts\/18159\/revisions"}],"predecessor-version":[{"id":18161,"href":"https:\/\/www.lejournalduforkane.com\/index.php\/wp-json\/wp\/v2\/posts\/18159\/revisions\/18161"}],"wp:attachment":[{"href":"https:\/\/www.lejournalduforkane.com\/index.php\/wp-json\/wp\/v2\/media?parent=18159"}],"wp:term":[{"taxonomy":"category","embeddable":true,"href":"https:\/\/www.lejournalduforkane.com\/index.php\/wp-json\/wp\/v2\/categories?post=18159"},{"taxonomy":"post_tag","embeddable":true,"href":"https:\/\/www.lejournalduforkane.com\/index.php\/wp-json\/wp\/v2\/tags?post=18159"}],"curies":[{"name":"wp","href":"https:\/\/api.w.org\/{rel}","templated":true}]}}