
{"id":18164,"date":"2017-10-29T20:15:25","date_gmt":"2017-10-29T20:15:25","guid":{"rendered":"https:\/\/www.lejournalduforkane.com\/?p=18164"},"modified":"2017-10-29T20:15:25","modified_gmt":"2017-10-29T20:15:25","slug":"un-enfant-yemenite-innocent-prenant-son-dernier-souffle-mourant-de-faim-et-de-maladie-et-le-monde-le-regarde-en-silence-et-ne-montre-aucune-reaction-aux-crimes-americano-saoudiens-au-yemen","status":"publish","type":"post","link":"https:\/\/www.lejournalduforkane.com\/index.php\/un-enfant-yemenite-innocent-prenant-son-dernier-souffle-mourant-de-faim-et-de-maladie-et-le-monde-le-regarde-en-silence-et-ne-montre-aucune-reaction-aux-crimes-americano-saoudiens-au-yemen\/","title":{"rendered":"Un enfant y\u00e9m\u00e9nite innocent prenant son dernier souffle, mourant de faim et de maladie. Et le monde le regarde en silence et ne montre aucune r\u00e9action aux crimes am\u00e9ricano-Saoudiens au Y\u00e9men"},"content":{"rendered":"<p><!--more--><br \/>\n<iframe loading=\"lazy\" src=\"https:\/\/www.youtube.com\/embed\/yPDWR1JuhxE\" width=\"560\" height=\"315\" frameborder=\"0\" allowfullscreen=\"allowfullscreen\"><\/iframe><\/p>\n","protected":false},"excerpt":{"rendered":"","protected":false},"author":2,"featured_media":0,"comment_status":"closed","ping_status":"open","sticky":false,"template":"","format":"standard","meta":[],"categories":[49],"tags":[],"_links":{"self":[{"href":"https:\/\/www.lejournalduforkane.com\/index.php\/wp-json\/wp\/v2\/posts\/18164"}],"collection":[{"href":"https:\/\/www.lejournalduforkane.com\/index.php\/wp-json\/wp\/v2\/posts"}],"about":[{"href":"https:\/\/www.lejournalduforkane.com\/index.php\/wp-json\/wp\/v2\/types\/post"}],"author":[{"embeddable":true,"href":"https:\/\/www.lejournalduforkane.com\/index.php\/wp-json\/wp\/v2\/users\/2"}],"replies":[{"embeddable":true,"href":"https:\/\/www.lejournalduforkane.com\/index.php\/wp-json\/wp\/v2\/comments?post=18164"}],"version-history":[{"count":1,"href":"https:\/\/www.lejournalduforkane.com\/index.php\/wp-json\/wp\/v2\/posts\/18164\/revisions"}],"predecessor-version":[{"id":18166,"href":"https:\/\/www.lejournalduforkane.com\/index.php\/wp-json\/wp\/v2\/posts\/18164\/revisions\/18166"}],"wp:attachment":[{"href":"https:\/\/www.lejournalduforkane.com\/index.php\/wp-json\/wp\/v2\/media?parent=18164"}],"wp:term":[{"taxonomy":"category","embeddable":true,"href":"https:\/\/www.lejournalduforkane.com\/index.php\/wp-json\/wp\/v2\/categories?post=18164"},{"taxonomy":"post_tag","embeddable":true,"href":"https:\/\/www.lejournalduforkane.com\/index.php\/wp-json\/wp\/v2\/tags?post=18164"}],"curies":[{"name":"wp","href":"https:\/\/api.w.org\/{rel}","templated":true}]}}