
{"id":18170,"date":"2017-10-29T20:25:53","date_gmt":"2017-10-29T20:25:53","guid":{"rendered":"https:\/\/www.lejournalduforkane.com\/?p=18170"},"modified":"2017-10-29T20:25:53","modified_gmt":"2017-10-29T20:25:53","slug":"video-le-responsable-de-la-mobilisation-populaire-explique-les-racines-du-terrorisme-en-irak-pendant-la-conference-sur-le-terrorisme-tenue-a-bagdad","status":"publish","type":"post","link":"https:\/\/www.lejournalduforkane.com\/index.php\/video-le-responsable-de-la-mobilisation-populaire-explique-les-racines-du-terrorisme-en-irak-pendant-la-conference-sur-le-terrorisme-tenue-a-bagdad\/","title":{"rendered":"[Vid\u00e9o] | Le responsable de la Mobilisation populaire explique les racines du terrorisme en Irak, pendant la conf\u00e9rence sur le terrorisme, tenue \u00e0 Bagdad"},"content":{"rendered":"<p><!--more--><br \/>\n<iframe loading=\"lazy\" src=\"https:\/\/www.youtube.com\/embed\/fs2EaDzqNIE\" width=\"560\" height=\"315\" frameborder=\"0\" allowfullscreen=\"allowfullscreen\"><\/iframe><\/p>\n","protected":false},"excerpt":{"rendered":"","protected":false},"author":2,"featured_media":0,"comment_status":"closed","ping_status":"open","sticky":false,"template":"","format":"standard","meta":[],"categories":[49],"tags":[],"_links":{"self":[{"href":"https:\/\/www.lejournalduforkane.com\/index.php\/wp-json\/wp\/v2\/posts\/18170"}],"collection":[{"href":"https:\/\/www.lejournalduforkane.com\/index.php\/wp-json\/wp\/v2\/posts"}],"about":[{"href":"https:\/\/www.lejournalduforkane.com\/index.php\/wp-json\/wp\/v2\/types\/post"}],"author":[{"embeddable":true,"href":"https:\/\/www.lejournalduforkane.com\/index.php\/wp-json\/wp\/v2\/users\/2"}],"replies":[{"embeddable":true,"href":"https:\/\/www.lejournalduforkane.com\/index.php\/wp-json\/wp\/v2\/comments?post=18170"}],"version-history":[{"count":1,"href":"https:\/\/www.lejournalduforkane.com\/index.php\/wp-json\/wp\/v2\/posts\/18170\/revisions"}],"predecessor-version":[{"id":18172,"href":"https:\/\/www.lejournalduforkane.com\/index.php\/wp-json\/wp\/v2\/posts\/18170\/revisions\/18172"}],"wp:attachment":[{"href":"https:\/\/www.lejournalduforkane.com\/index.php\/wp-json\/wp\/v2\/media?parent=18170"}],"wp:term":[{"taxonomy":"category","embeddable":true,"href":"https:\/\/www.lejournalduforkane.com\/index.php\/wp-json\/wp\/v2\/categories?post=18170"},{"taxonomy":"post_tag","embeddable":true,"href":"https:\/\/www.lejournalduforkane.com\/index.php\/wp-json\/wp\/v2\/tags?post=18170"}],"curies":[{"name":"wp","href":"https:\/\/api.w.org\/{rel}","templated":true}]}}