
{"id":18173,"date":"2017-10-29T20:33:03","date_gmt":"2017-10-29T20:33:03","guid":{"rendered":"https:\/\/www.lejournalduforkane.com\/?p=18173"},"modified":"2017-10-29T20:33:03","modified_gmt":"2017-10-29T20:33:03","slug":"des-terroristes-salafistes-de-daesh-ont-touche-des-aides-sociales-de-letat-alors-quils-etaient-en-syrie","status":"publish","type":"post","link":"https:\/\/www.lejournalduforkane.com\/index.php\/des-terroristes-salafistes-de-daesh-ont-touche-des-aides-sociales-de-letat-alors-quils-etaient-en-syrie\/","title":{"rendered":"Des terroristes salafistes de Daesh ont touch\u00e9 des aides sociales de l&rsquo;\u00c9tat alors qu&rsquo;ils \u00e9taient en Syrie !"},"content":{"rendered":"<p><!--more--><br \/>\nVous en pensez quoi ?<\/p>\n<p><iframe loading=\"lazy\" src=\"\/\/rutube.ru\/play\/embed\/10687902\" width=\"620\" height=\"320\" frameborder=\"0\" allowfullscreen=\"allowfullscreen\"><\/iframe><\/p>\n<p>&nbsp;<\/p>\n","protected":false},"excerpt":{"rendered":"Vous en pensez quoi ? &nbsp;","protected":false},"author":2,"featured_media":0,"comment_status":"closed","ping_status":"open","sticky":false,"template":"","format":"standard","meta":[],"categories":[49],"tags":[],"_links":{"self":[{"href":"https:\/\/www.lejournalduforkane.com\/index.php\/wp-json\/wp\/v2\/posts\/18173"}],"collection":[{"href":"https:\/\/www.lejournalduforkane.com\/index.php\/wp-json\/wp\/v2\/posts"}],"about":[{"href":"https:\/\/www.lejournalduforkane.com\/index.php\/wp-json\/wp\/v2\/types\/post"}],"author":[{"embeddable":true,"href":"https:\/\/www.lejournalduforkane.com\/index.php\/wp-json\/wp\/v2\/users\/2"}],"replies":[{"embeddable":true,"href":"https:\/\/www.lejournalduforkane.com\/index.php\/wp-json\/wp\/v2\/comments?post=18173"}],"version-history":[{"count":1,"href":"https:\/\/www.lejournalduforkane.com\/index.php\/wp-json\/wp\/v2\/posts\/18173\/revisions"}],"predecessor-version":[{"id":18174,"href":"https:\/\/www.lejournalduforkane.com\/index.php\/wp-json\/wp\/v2\/posts\/18173\/revisions\/18174"}],"wp:attachment":[{"href":"https:\/\/www.lejournalduforkane.com\/index.php\/wp-json\/wp\/v2\/media?parent=18173"}],"wp:term":[{"taxonomy":"category","embeddable":true,"href":"https:\/\/www.lejournalduforkane.com\/index.php\/wp-json\/wp\/v2\/categories?post=18173"},{"taxonomy":"post_tag","embeddable":true,"href":"https:\/\/www.lejournalduforkane.com\/index.php\/wp-json\/wp\/v2\/tags?post=18173"}],"curies":[{"name":"wp","href":"https:\/\/api.w.org\/{rel}","templated":true}]}}