
{"id":18215,"date":"2017-11-05T15:16:51","date_gmt":"2017-11-05T15:16:51","guid":{"rendered":"https:\/\/www.lejournalduforkane.com\/?p=18215"},"modified":"2017-11-05T15:16:51","modified_gmt":"2017-11-05T15:16:51","slug":"laeroport-saoudien-ben-khaled-vise-cette-nuit-par-un-missile-balistique-de-larmee-et-des-comites-populaires-yemenites","status":"publish","type":"post","link":"https:\/\/www.lejournalduforkane.com\/index.php\/laeroport-saoudien-ben-khaled-vise-cette-nuit-par-un-missile-balistique-de-larmee-et-des-comites-populaires-yemenites\/","title":{"rendered":"L&rsquo;a\u00e9roport saoudien Ben Khaled vis\u00e9 cette nuit par un missile balistique de l&rsquo;arm\u00e9e et des comit\u00e9s populaires y\u00e9m\u00e9nites.."},"content":{"rendered":"<p><!--more--><br \/>\n<iframe loading=\"lazy\" src=\"https:\/\/www.youtube.com\/embed\/y-kcpGiXVvk\" width=\"560\" height=\"315\" frameborder=\"0\" allowfullscreen=\"allowfullscreen\"><\/iframe><\/p>\n","protected":false},"excerpt":{"rendered":"","protected":false},"author":2,"featured_media":0,"comment_status":"closed","ping_status":"open","sticky":false,"template":"","format":"standard","meta":[],"categories":[49],"tags":[],"_links":{"self":[{"href":"https:\/\/www.lejournalduforkane.com\/index.php\/wp-json\/wp\/v2\/posts\/18215"}],"collection":[{"href":"https:\/\/www.lejournalduforkane.com\/index.php\/wp-json\/wp\/v2\/posts"}],"about":[{"href":"https:\/\/www.lejournalduforkane.com\/index.php\/wp-json\/wp\/v2\/types\/post"}],"author":[{"embeddable":true,"href":"https:\/\/www.lejournalduforkane.com\/index.php\/wp-json\/wp\/v2\/users\/2"}],"replies":[{"embeddable":true,"href":"https:\/\/www.lejournalduforkane.com\/index.php\/wp-json\/wp\/v2\/comments?post=18215"}],"version-history":[{"count":1,"href":"https:\/\/www.lejournalduforkane.com\/index.php\/wp-json\/wp\/v2\/posts\/18215\/revisions"}],"predecessor-version":[{"id":18217,"href":"https:\/\/www.lejournalduforkane.com\/index.php\/wp-json\/wp\/v2\/posts\/18215\/revisions\/18217"}],"wp:attachment":[{"href":"https:\/\/www.lejournalduforkane.com\/index.php\/wp-json\/wp\/v2\/media?parent=18215"}],"wp:term":[{"taxonomy":"category","embeddable":true,"href":"https:\/\/www.lejournalduforkane.com\/index.php\/wp-json\/wp\/v2\/categories?post=18215"},{"taxonomy":"post_tag","embeddable":true,"href":"https:\/\/www.lejournalduforkane.com\/index.php\/wp-json\/wp\/v2\/tags?post=18215"}],"curies":[{"name":"wp","href":"https:\/\/api.w.org\/{rel}","templated":true}]}}