
{"id":18290,"date":"2017-11-14T19:08:20","date_gmt":"2017-11-14T19:08:20","guid":{"rendered":"https:\/\/www.lejournalduforkane.com\/?p=18290"},"modified":"2017-11-14T19:08:20","modified_gmt":"2017-11-14T19:08:20","slug":"regardez-et-imaginez-si-cetaient-vos-enfants-les-ecoliers-yemenites-sont-terrifies-au-moment-des-frappes-aeriennes-de-la-coalition-menee-par-larabie-saoudite","status":"publish","type":"post","link":"https:\/\/www.lejournalduforkane.com\/index.php\/regardez-et-imaginez-si-cetaient-vos-enfants-les-ecoliers-yemenites-sont-terrifies-au-moment-des-frappes-aeriennes-de-la-coalition-menee-par-larabie-saoudite\/","title":{"rendered":"Regardez et imaginez si c&rsquo;\u00e9taient vos enfants: les \u00e9coliers y\u00e9m\u00e9nites sont terrifi\u00e9s au moment des frappes a\u00e9riennes de la coalition men\u00e9e par l&rsquo;Arabie saoudite"},"content":{"rendered":"<p><!--more--><\/p>\n<p style=\"text-align: justify;\">Regardez et imaginez si c&rsquo;\u00e9taient vos enfants : les \u00e9coliers y\u00e9m\u00e9nites sont terrifi\u00e9s au moment des frappes a\u00e9riennes de la coalition men\u00e9e par l&rsquo;Arabie saoudite, c&rsquo;\u00e9tait aujourd&rsquo;hui \u00e0 Sanaa la capitale du Yemen<\/p>\n<p style=\"text-align: justify;\">Fermez les yeux un moment et imaginez des bombes qui tombent autour de vous. Imagine tes enfants pleurer \u00e0 l&rsquo;\u00e9cole<br \/>\n<iframe loading=\"lazy\" src=\"https:\/\/www.youtube.com\/embed\/lRmr1tJKhAo\" width=\"560\" height=\"315\" frameborder=\"0\" allowfullscreen=\"allowfullscreen\"><\/iframe><\/p>\n","protected":false},"excerpt":{"rendered":"Regardez et imaginez si c'\u00e9taient vos enfants : les \u00e9coliers y\u00e9m\u00e9nites sont terrifi\u00e9s au moment des frappes a\u00e9riennes de la coalition men\u00e9e par l'Arabie saoudite, c'\u00e9tait aujourd'hui \u00e0 Sanaa la","protected":false},"author":2,"featured_media":0,"comment_status":"closed","ping_status":"open","sticky":false,"template":"","format":"standard","meta":[],"categories":[49],"tags":[],"_links":{"self":[{"href":"https:\/\/www.lejournalduforkane.com\/index.php\/wp-json\/wp\/v2\/posts\/18290"}],"collection":[{"href":"https:\/\/www.lejournalduforkane.com\/index.php\/wp-json\/wp\/v2\/posts"}],"about":[{"href":"https:\/\/www.lejournalduforkane.com\/index.php\/wp-json\/wp\/v2\/types\/post"}],"author":[{"embeddable":true,"href":"https:\/\/www.lejournalduforkane.com\/index.php\/wp-json\/wp\/v2\/users\/2"}],"replies":[{"embeddable":true,"href":"https:\/\/www.lejournalduforkane.com\/index.php\/wp-json\/wp\/v2\/comments?post=18290"}],"version-history":[{"count":1,"href":"https:\/\/www.lejournalduforkane.com\/index.php\/wp-json\/wp\/v2\/posts\/18290\/revisions"}],"predecessor-version":[{"id":18293,"href":"https:\/\/www.lejournalduforkane.com\/index.php\/wp-json\/wp\/v2\/posts\/18290\/revisions\/18293"}],"wp:attachment":[{"href":"https:\/\/www.lejournalduforkane.com\/index.php\/wp-json\/wp\/v2\/media?parent=18290"}],"wp:term":[{"taxonomy":"category","embeddable":true,"href":"https:\/\/www.lejournalduforkane.com\/index.php\/wp-json\/wp\/v2\/categories?post=18290"},{"taxonomy":"post_tag","embeddable":true,"href":"https:\/\/www.lejournalduforkane.com\/index.php\/wp-json\/wp\/v2\/tags?post=18290"}],"curies":[{"name":"wp","href":"https:\/\/api.w.org\/{rel}","templated":true}]}}