
{"id":18294,"date":"2017-11-15T20:01:02","date_gmt":"2017-11-15T20:01:02","guid":{"rendered":"https:\/\/www.lejournalduforkane.com\/?p=18294"},"modified":"2017-11-15T20:01:02","modified_gmt":"2017-11-15T20:01:02","slug":"le-qatar-et-larabie-saoudite-ont-depense-137-milliards-de-dollars-pour-detruire-la-syrie","status":"publish","type":"post","link":"https:\/\/www.lejournalduforkane.com\/index.php\/le-qatar-et-larabie-saoudite-ont-depense-137-milliards-de-dollars-pour-detruire-la-syrie\/","title":{"rendered":"Le Qatar et l&rsquo;Arabie saoudite ont d\u00e9pens\u00e9 137 milliards de dollars pour d\u00e9truire la Syrie"},"content":{"rendered":"<p><!--more--><\/p>\n<p>[Vid\u00e9o] | Bachar el-Jaafari : \u00a0\u00bb le Qatar et l&rsquo;Arabie saoudite ont d\u00e9pens\u00e9 137 milliards de dollars pour d\u00e9truire la Syrie\u00a0\u00bb &#8230;d&rsquo;apr\u00e8s les aveux du pr\u00e9c\u00e9dent 1er ministre qatari, sur la cha\u00eene qatarie officielle..<br \/>\n<iframe loading=\"lazy\" src=\"https:\/\/www.youtube.com\/embed\/a3LLAaN9fFI\" width=\"560\" height=\"315\" frameborder=\"0\" allowfullscreen=\"allowfullscreen\"><\/iframe><\/p>\n","protected":false},"excerpt":{"rendered":"[Vid\u00e9o] | Bachar el-Jaafari : \" le Qatar et l'Arabie saoudite ont d\u00e9pens\u00e9 137 milliards de dollars pour d\u00e9truire la Syrie\" ...d'apr\u00e8s les aveux du pr\u00e9c\u00e9dent 1er ministre qatari, sur","protected":false},"author":2,"featured_media":0,"comment_status":"closed","ping_status":"open","sticky":false,"template":"","format":"standard","meta":[],"categories":[49],"tags":[],"_links":{"self":[{"href":"https:\/\/www.lejournalduforkane.com\/index.php\/wp-json\/wp\/v2\/posts\/18294"}],"collection":[{"href":"https:\/\/www.lejournalduforkane.com\/index.php\/wp-json\/wp\/v2\/posts"}],"about":[{"href":"https:\/\/www.lejournalduforkane.com\/index.php\/wp-json\/wp\/v2\/types\/post"}],"author":[{"embeddable":true,"href":"https:\/\/www.lejournalduforkane.com\/index.php\/wp-json\/wp\/v2\/users\/2"}],"replies":[{"embeddable":true,"href":"https:\/\/www.lejournalduforkane.com\/index.php\/wp-json\/wp\/v2\/comments?post=18294"}],"version-history":[{"count":1,"href":"https:\/\/www.lejournalduforkane.com\/index.php\/wp-json\/wp\/v2\/posts\/18294\/revisions"}],"predecessor-version":[{"id":18296,"href":"https:\/\/www.lejournalduforkane.com\/index.php\/wp-json\/wp\/v2\/posts\/18294\/revisions\/18296"}],"wp:attachment":[{"href":"https:\/\/www.lejournalduforkane.com\/index.php\/wp-json\/wp\/v2\/media?parent=18294"}],"wp:term":[{"taxonomy":"category","embeddable":true,"href":"https:\/\/www.lejournalduforkane.com\/index.php\/wp-json\/wp\/v2\/categories?post=18294"},{"taxonomy":"post_tag","embeddable":true,"href":"https:\/\/www.lejournalduforkane.com\/index.php\/wp-json\/wp\/v2\/tags?post=18294"}],"curies":[{"name":"wp","href":"https:\/\/api.w.org\/{rel}","templated":true}]}}