
{"id":18297,"date":"2017-11-15T20:04:01","date_gmt":"2017-11-15T20:04:01","guid":{"rendered":"https:\/\/www.lejournalduforkane.com\/?p=18297"},"modified":"2017-11-15T20:04:01","modified_gmt":"2017-11-15T20:04:01","slug":"la-bbc-qui-montre-une-operation-de-transfert-de-4-000-terroristes-salafistes-de-daesh","status":"publish","type":"post","link":"https:\/\/www.lejournalduforkane.com\/index.php\/la-bbc-qui-montre-une-operation-de-transfert-de-4-000-terroristes-salafistes-de-daesh\/","title":{"rendered":"La BBC qui montre une op\u00e9ration de transfert de 4 000 terroristes salafistes de Daesh"},"content":{"rendered":"<p><!--more--><\/p>\n<p style=\"text-align: justify;\">Regardez cette vid\u00e9o de la BBC qui montre une op\u00e9ration de transfert de 4 000 terroristes salafistes de Daesh, depuis Raqqah jusqu&rsquo;aux fronti\u00e8res irakiennes&#8230; tout cela sous la supervision des kurdes de Syrie, et avec une couverture a\u00e9rienne de la part de la coalition US<\/p>\n<p><iframe loading=\"lazy\" src=\"https:\/\/www.youtube.com\/embed\/kGSnbPs9Mow\" width=\"560\" height=\"315\" frameborder=\"0\" allowfullscreen=\"allowfullscreen\"><\/iframe><\/p>\n","protected":false},"excerpt":{"rendered":"Regardez cette vid\u00e9o de la BBC qui montre une op\u00e9ration de transfert de 4 000 terroristes salafistes de Daesh, depuis Raqqah jusqu'aux fronti\u00e8res irakiennes... tout cela sous la supervision des","protected":false},"author":2,"featured_media":0,"comment_status":"closed","ping_status":"open","sticky":false,"template":"","format":"standard","meta":[],"categories":[49],"tags":[],"_links":{"self":[{"href":"https:\/\/www.lejournalduforkane.com\/index.php\/wp-json\/wp\/v2\/posts\/18297"}],"collection":[{"href":"https:\/\/www.lejournalduforkane.com\/index.php\/wp-json\/wp\/v2\/posts"}],"about":[{"href":"https:\/\/www.lejournalduforkane.com\/index.php\/wp-json\/wp\/v2\/types\/post"}],"author":[{"embeddable":true,"href":"https:\/\/www.lejournalduforkane.com\/index.php\/wp-json\/wp\/v2\/users\/2"}],"replies":[{"embeddable":true,"href":"https:\/\/www.lejournalduforkane.com\/index.php\/wp-json\/wp\/v2\/comments?post=18297"}],"version-history":[{"count":1,"href":"https:\/\/www.lejournalduforkane.com\/index.php\/wp-json\/wp\/v2\/posts\/18297\/revisions"}],"predecessor-version":[{"id":18299,"href":"https:\/\/www.lejournalduforkane.com\/index.php\/wp-json\/wp\/v2\/posts\/18297\/revisions\/18299"}],"wp:attachment":[{"href":"https:\/\/www.lejournalduforkane.com\/index.php\/wp-json\/wp\/v2\/media?parent=18297"}],"wp:term":[{"taxonomy":"category","embeddable":true,"href":"https:\/\/www.lejournalduforkane.com\/index.php\/wp-json\/wp\/v2\/categories?post=18297"},{"taxonomy":"post_tag","embeddable":true,"href":"https:\/\/www.lejournalduforkane.com\/index.php\/wp-json\/wp\/v2\/tags?post=18297"}],"curies":[{"name":"wp","href":"https:\/\/api.w.org\/{rel}","templated":true}]}}