
{"id":18304,"date":"2017-11-17T19:59:01","date_gmt":"2017-11-17T19:59:01","guid":{"rendered":"https:\/\/www.lejournalduforkane.com\/?p=18304"},"modified":"2017-11-17T19:59:01","modified_gmt":"2017-11-17T19:59:01","slug":"regardez-et-ecoutez-la-reponse-cinglante-du-dr-bachar-jaafari-representant-syrien-a-lonu-a-lencontre-de-larabie-saoudite-et-disrael","status":"publish","type":"post","link":"https:\/\/www.lejournalduforkane.com\/index.php\/regardez-et-ecoutez-la-reponse-cinglante-du-dr-bachar-jaafari-representant-syrien-a-lonu-a-lencontre-de-larabie-saoudite-et-disrael\/","title":{"rendered":"Regardez et \u00e9coutez la r\u00e9ponse cinglante du Dr Bachar Jaafari (repr\u00e9sentant syrien \u00e0 l&rsquo;ONU) \u00e0 l&rsquo;encontre de l&rsquo;Arabie saoudite et d\u2019Isra\u00ebl"},"content":{"rendered":"<p><!--more--><\/p>\n<p><iframe loading=\"lazy\" src=\"https:\/\/www.youtube.com\/embed\/PcYg3g2CKTI\" width=\"560\" height=\"315\" frameborder=\"0\" allowfullscreen=\"allowfullscreen\"><\/iframe><\/p>\n","protected":false},"excerpt":{"rendered":"","protected":false},"author":2,"featured_media":0,"comment_status":"closed","ping_status":"open","sticky":false,"template":"","format":"standard","meta":[],"categories":[49],"tags":[],"_links":{"self":[{"href":"https:\/\/www.lejournalduforkane.com\/index.php\/wp-json\/wp\/v2\/posts\/18304"}],"collection":[{"href":"https:\/\/www.lejournalduforkane.com\/index.php\/wp-json\/wp\/v2\/posts"}],"about":[{"href":"https:\/\/www.lejournalduforkane.com\/index.php\/wp-json\/wp\/v2\/types\/post"}],"author":[{"embeddable":true,"href":"https:\/\/www.lejournalduforkane.com\/index.php\/wp-json\/wp\/v2\/users\/2"}],"replies":[{"embeddable":true,"href":"https:\/\/www.lejournalduforkane.com\/index.php\/wp-json\/wp\/v2\/comments?post=18304"}],"version-history":[{"count":1,"href":"https:\/\/www.lejournalduforkane.com\/index.php\/wp-json\/wp\/v2\/posts\/18304\/revisions"}],"predecessor-version":[{"id":18308,"href":"https:\/\/www.lejournalduforkane.com\/index.php\/wp-json\/wp\/v2\/posts\/18304\/revisions\/18308"}],"wp:attachment":[{"href":"https:\/\/www.lejournalduforkane.com\/index.php\/wp-json\/wp\/v2\/media?parent=18304"}],"wp:term":[{"taxonomy":"category","embeddable":true,"href":"https:\/\/www.lejournalduforkane.com\/index.php\/wp-json\/wp\/v2\/categories?post=18304"},{"taxonomy":"post_tag","embeddable":true,"href":"https:\/\/www.lejournalduforkane.com\/index.php\/wp-json\/wp\/v2\/tags?post=18304"}],"curies":[{"name":"wp","href":"https:\/\/api.w.org\/{rel}","templated":true}]}}