
{"id":18309,"date":"2017-11-17T20:04:40","date_gmt":"2017-11-17T20:04:40","guid":{"rendered":"https:\/\/www.lejournalduforkane.com\/?p=18309"},"modified":"2017-11-17T20:04:40","modified_gmt":"2017-11-17T20:04:40","slug":"video-une-jeune-yemenite-de-3-ans-blessee-par-une-attaque-a-la-roquette-sur-son-ecole-dans-le-district-de-razih-gouvernorat-de-saada","status":"publish","type":"post","link":"https:\/\/www.lejournalduforkane.com\/index.php\/video-une-jeune-yemenite-de-3-ans-blessee-par-une-attaque-a-la-roquette-sur-son-ecole-dans-le-district-de-razih-gouvernorat-de-saada\/","title":{"rendered":"[Vid\u00e9o] | Une jeune y\u00e9m\u00e9nite de 3 ans bless\u00e9e par une attaque \u00e0 la roquette sur son \u00e9cole dans le district de Razih (Gouvernorat de Saada)"},"content":{"rendered":"<p style=\"text-align: justify;\"><!--more--><\/p>\n<div id=\"js_y2\" class=\"_5pbx userContent _3576\" data-ft=\"{&quot;tn&quot;:&quot;K&quot;}\">\n<div id=\"id_5a0f3f7bb02773e79802721\" class=\"text_exposed_root text_exposed\">\n<p style=\"text-align: justify;\">ATTENTION IMAGES CHOQUANTES. Nous ne publions pas cette vid\u00e9o pour faire du buzz mais pour sensibiliser les gens sur le massacre qui se d\u00e9roule actuellement au Y\u00e9men.<\/p>\n<p style=\"text-align: justify;\">Quel p\u00e9ch\u00e9 a bien p\u00fbt commettre cette enfant pour avoir m\u00e9rit\u00e9 un tel sort ?<\/p>\n<div class=\"text_exposed_show\">\n<p style=\"text-align: justify;\">L&rsquo;ARABIE SAOUDITE ET SA COALITION MAUDITE DOIVENT \u00caTRE ARR\u00caTER LEUR MASSACRE !!!<\/p>\n<p style=\"text-align: justify;\">\u00a0<iframe loading=\"lazy\" src=\"https:\/\/www.youtube.com\/embed\/m_8sYw2qusU\" width=\"560\" height=\"315\" frameborder=\"0\" allowfullscreen=\"allowfullscreen\"><\/iframe><\/p>\n<\/div>\n<\/div>\n<\/div>\n","protected":false},"excerpt":{"rendered":"ATTENTION IMAGES CHOQUANTES. Nous ne publions pas cette vid\u00e9o pour faire du buzz mais pour sensibiliser les gens sur le massacre qui se d\u00e9roule actuellement au Y\u00e9men. Quel p\u00e9ch\u00e9 a","protected":false},"author":2,"featured_media":0,"comment_status":"closed","ping_status":"open","sticky":false,"template":"","format":"standard","meta":[],"categories":[49],"tags":[],"_links":{"self":[{"href":"https:\/\/www.lejournalduforkane.com\/index.php\/wp-json\/wp\/v2\/posts\/18309"}],"collection":[{"href":"https:\/\/www.lejournalduforkane.com\/index.php\/wp-json\/wp\/v2\/posts"}],"about":[{"href":"https:\/\/www.lejournalduforkane.com\/index.php\/wp-json\/wp\/v2\/types\/post"}],"author":[{"embeddable":true,"href":"https:\/\/www.lejournalduforkane.com\/index.php\/wp-json\/wp\/v2\/users\/2"}],"replies":[{"embeddable":true,"href":"https:\/\/www.lejournalduforkane.com\/index.php\/wp-json\/wp\/v2\/comments?post=18309"}],"version-history":[{"count":1,"href":"https:\/\/www.lejournalduforkane.com\/index.php\/wp-json\/wp\/v2\/posts\/18309\/revisions"}],"predecessor-version":[{"id":18311,"href":"https:\/\/www.lejournalduforkane.com\/index.php\/wp-json\/wp\/v2\/posts\/18309\/revisions\/18311"}],"wp:attachment":[{"href":"https:\/\/www.lejournalduforkane.com\/index.php\/wp-json\/wp\/v2\/media?parent=18309"}],"wp:term":[{"taxonomy":"category","embeddable":true,"href":"https:\/\/www.lejournalduforkane.com\/index.php\/wp-json\/wp\/v2\/categories?post=18309"},{"taxonomy":"post_tag","embeddable":true,"href":"https:\/\/www.lejournalduforkane.com\/index.php\/wp-json\/wp\/v2\/tags?post=18309"}],"curies":[{"name":"wp","href":"https:\/\/api.w.org\/{rel}","templated":true}]}}