
{"id":18317,"date":"2017-11-19T20:00:00","date_gmt":"2017-11-19T20:00:00","guid":{"rendered":"https:\/\/www.lejournalduforkane.com\/?p=18317"},"modified":"2017-11-19T20:00:00","modified_gmt":"2017-11-19T20:00:00","slug":"scandale-a-raqqa-lincroyable-exfiltration-des-djihadistes","status":"publish","type":"post","link":"https:\/\/www.lejournalduforkane.com\/index.php\/scandale-a-raqqa-lincroyable-exfiltration-des-djihadistes\/","title":{"rendered":"SCANDALE !!! \u00ab\u00a0A Raqqa, l&rsquo;incroyable exfiltration des djihadistes\u00a0\u00bb"},"content":{"rendered":"<p><!--more--><\/p>\n<p style=\"text-align: justify;\">A PARTIR DE 1&rsquo;40 ==&gt; C&rsquo;est quand m\u00eame incroyable. On apprend que les am\u00e9ricains \u00e9vacuent les terroristes de Daech en autobus, passent des pactes avec eux pour reprendre des puis p\u00e9troliers (qui ne sont pas \u00e0 eux) et un tel sujet qui devrait faire un scandale est l&rsquo;objet d&rsquo;un d\u00e9bat et ici plac\u00e9 en 40 secondes chrono. \u00c7a aurait \u00e9t\u00e9 les russes, on en parlerait partout, \u00e0 toute heure dans tous les m\u00e9dias et l\u00e0 \u00e7a concerne les am\u00e9ricains une petit transition de quelques secondes honteux.<\/p>\n<p style=\"text-align: justify;\">Nos victimes des attentats doivent se retourner dans leur tombe<\/p>\n<p><iframe loading=\"lazy\" src=\"\/\/rutube.ru\/play\/embed\/10737710\" width=\"620\" height=\"305\" frameborder=\"0\" allowfullscreen=\"allowfullscreen\"><\/iframe><\/p>\n","protected":false},"excerpt":{"rendered":"A PARTIR DE 1'40 ==&gt; C'est quand m\u00eame incroyable. On apprend que les am\u00e9ricains \u00e9vacuent les terroristes de Daech en autobus, passent des pactes avec eux pour reprendre des puis","protected":false},"author":2,"featured_media":0,"comment_status":"closed","ping_status":"open","sticky":false,"template":"","format":"standard","meta":[],"categories":[49],"tags":[],"_links":{"self":[{"href":"https:\/\/www.lejournalduforkane.com\/index.php\/wp-json\/wp\/v2\/posts\/18317"}],"collection":[{"href":"https:\/\/www.lejournalduforkane.com\/index.php\/wp-json\/wp\/v2\/posts"}],"about":[{"href":"https:\/\/www.lejournalduforkane.com\/index.php\/wp-json\/wp\/v2\/types\/post"}],"author":[{"embeddable":true,"href":"https:\/\/www.lejournalduforkane.com\/index.php\/wp-json\/wp\/v2\/users\/2"}],"replies":[{"embeddable":true,"href":"https:\/\/www.lejournalduforkane.com\/index.php\/wp-json\/wp\/v2\/comments?post=18317"}],"version-history":[{"count":2,"href":"https:\/\/www.lejournalduforkane.com\/index.php\/wp-json\/wp\/v2\/posts\/18317\/revisions"}],"predecessor-version":[{"id":18326,"href":"https:\/\/www.lejournalduforkane.com\/index.php\/wp-json\/wp\/v2\/posts\/18317\/revisions\/18326"}],"wp:attachment":[{"href":"https:\/\/www.lejournalduforkane.com\/index.php\/wp-json\/wp\/v2\/media?parent=18317"}],"wp:term":[{"taxonomy":"category","embeddable":true,"href":"https:\/\/www.lejournalduforkane.com\/index.php\/wp-json\/wp\/v2\/categories?post=18317"},{"taxonomy":"post_tag","embeddable":true,"href":"https:\/\/www.lejournalduforkane.com\/index.php\/wp-json\/wp\/v2\/tags?post=18317"}],"curies":[{"name":"wp","href":"https:\/\/api.w.org\/{rel}","templated":true}]}}