
{"id":18328,"date":"2017-11-20T19:37:14","date_gmt":"2017-11-20T19:37:14","guid":{"rendered":"https:\/\/www.lejournalduforkane.com\/?p=18328"},"modified":"2017-11-20T19:37:14","modified_gmt":"2017-11-20T19:37:14","slug":"video-limam-khamenei-visite-les-zones-qui-ont-ete-frappees-par-le-tremblement-de-terre-a-louest-de-liran","status":"publish","type":"post","link":"https:\/\/www.lejournalduforkane.com\/index.php\/video-limam-khamenei-visite-les-zones-qui-ont-ete-frappees-par-le-tremblement-de-terre-a-louest-de-liran\/","title":{"rendered":"Vid\u00e9o : L&rsquo;Imam Khamenei visite les zones qui ont \u00e9t\u00e9 frapp\u00e9es par le tremblement de terre \u00e0 l&rsquo;ouest de l&rsquo;Iran"},"content":{"rendered":"<p><!--more--><\/p>\n<p><iframe loading=\"lazy\" src=\"https:\/\/www.youtube.com\/embed\/qld99JbBBZQ\" width=\"560\" height=\"315\" frameborder=\"0\" allowfullscreen=\"allowfullscreen\"><\/iframe><\/p>\n","protected":false},"excerpt":{"rendered":"","protected":false},"author":2,"featured_media":0,"comment_status":"closed","ping_status":"open","sticky":false,"template":"","format":"standard","meta":[],"categories":[49],"tags":[],"_links":{"self":[{"href":"https:\/\/www.lejournalduforkane.com\/index.php\/wp-json\/wp\/v2\/posts\/18328"}],"collection":[{"href":"https:\/\/www.lejournalduforkane.com\/index.php\/wp-json\/wp\/v2\/posts"}],"about":[{"href":"https:\/\/www.lejournalduforkane.com\/index.php\/wp-json\/wp\/v2\/types\/post"}],"author":[{"embeddable":true,"href":"https:\/\/www.lejournalduforkane.com\/index.php\/wp-json\/wp\/v2\/users\/2"}],"replies":[{"embeddable":true,"href":"https:\/\/www.lejournalduforkane.com\/index.php\/wp-json\/wp\/v2\/comments?post=18328"}],"version-history":[{"count":1,"href":"https:\/\/www.lejournalduforkane.com\/index.php\/wp-json\/wp\/v2\/posts\/18328\/revisions"}],"predecessor-version":[{"id":18330,"href":"https:\/\/www.lejournalduforkane.com\/index.php\/wp-json\/wp\/v2\/posts\/18328\/revisions\/18330"}],"wp:attachment":[{"href":"https:\/\/www.lejournalduforkane.com\/index.php\/wp-json\/wp\/v2\/media?parent=18328"}],"wp:term":[{"taxonomy":"category","embeddable":true,"href":"https:\/\/www.lejournalduforkane.com\/index.php\/wp-json\/wp\/v2\/categories?post=18328"},{"taxonomy":"post_tag","embeddable":true,"href":"https:\/\/www.lejournalduforkane.com\/index.php\/wp-json\/wp\/v2\/tags?post=18328"}],"curies":[{"name":"wp","href":"https:\/\/api.w.org\/{rel}","templated":true}]}}