
{"id":18348,"date":"2017-11-22T19:35:49","date_gmt":"2017-11-22T19:35:49","guid":{"rendered":"https:\/\/www.lejournalduforkane.com\/?p=18348"},"modified":"2017-11-22T19:38:58","modified_gmt":"2017-11-22T19:38:58","slug":"poutine-felicite-assad-des-resultats-atteints-par-la-syrie-dans-la-lutte-contre-le-terrorisme","status":"publish","type":"post","link":"https:\/\/www.lejournalduforkane.com\/index.php\/poutine-felicite-assad-des-resultats-atteints-par-la-syrie-dans-la-lutte-contre-le-terrorisme\/","title":{"rendered":"[Vid\u00e9o] | Poutine f\u00e9licite Assad des r\u00e9sultats atteints par la Syrie dans la lutte contre le terrorisme"},"content":{"rendered":"<p style=\"text-align: justify;\"><!--more--><\/p>\n<p style=\"text-align: justify;\">Le pr\u00e9sident russe Vladimir Poutine a rencontr\u00e9 son homologue syrien Bachar el-Assad, en Russie dans le cadre d&rsquo;une visite de travail. Le processus politique en Syrie et la lutte contre le terrorisme ont \u00e9t\u00e9 au c\u0153ur des discussions.<\/p>\n<p><iframe loading=\"lazy\" src=\"https:\/\/www.youtube.com\/embed\/HhdbenOhWjs\" width=\"560\" height=\"315\" frameborder=\"0\" allowfullscreen=\"allowfullscreen\"><\/iframe><\/p>\n","protected":false},"excerpt":{"rendered":"Le pr\u00e9sident russe Vladimir Poutine a rencontr\u00e9 son homologue syrien Bachar el-Assad, en Russie dans le cadre d'une visite de travail. Le processus politique en Syrie et la lutte contre","protected":false},"author":2,"featured_media":18346,"comment_status":"closed","ping_status":"open","sticky":false,"template":"","format":"standard","meta":[],"categories":[49],"tags":[],"_links":{"self":[{"href":"https:\/\/www.lejournalduforkane.com\/index.php\/wp-json\/wp\/v2\/posts\/18348"}],"collection":[{"href":"https:\/\/www.lejournalduforkane.com\/index.php\/wp-json\/wp\/v2\/posts"}],"about":[{"href":"https:\/\/www.lejournalduforkane.com\/index.php\/wp-json\/wp\/v2\/types\/post"}],"author":[{"embeddable":true,"href":"https:\/\/www.lejournalduforkane.com\/index.php\/wp-json\/wp\/v2\/users\/2"}],"replies":[{"embeddable":true,"href":"https:\/\/www.lejournalduforkane.com\/index.php\/wp-json\/wp\/v2\/comments?post=18348"}],"version-history":[{"count":1,"href":"https:\/\/www.lejournalduforkane.com\/index.php\/wp-json\/wp\/v2\/posts\/18348\/revisions"}],"predecessor-version":[{"id":18349,"href":"https:\/\/www.lejournalduforkane.com\/index.php\/wp-json\/wp\/v2\/posts\/18348\/revisions\/18349"}],"wp:featuredmedia":[{"embeddable":true,"href":"https:\/\/www.lejournalduforkane.com\/index.php\/wp-json\/wp\/v2\/media\/18346"}],"wp:attachment":[{"href":"https:\/\/www.lejournalduforkane.com\/index.php\/wp-json\/wp\/v2\/media?parent=18348"}],"wp:term":[{"taxonomy":"category","embeddable":true,"href":"https:\/\/www.lejournalduforkane.com\/index.php\/wp-json\/wp\/v2\/categories?post=18348"},{"taxonomy":"post_tag","embeddable":true,"href":"https:\/\/www.lejournalduforkane.com\/index.php\/wp-json\/wp\/v2\/tags?post=18348"}],"curies":[{"name":"wp","href":"https:\/\/api.w.org\/{rel}","templated":true}]}}