
{"id":18352,"date":"2017-11-22T19:43:31","date_gmt":"2017-11-22T19:43:31","guid":{"rendered":"https:\/\/www.lejournalduforkane.com\/?p=18352"},"modified":"2017-11-22T19:43:31","modified_gmt":"2017-11-22T19:43:31","slug":"une-nouvelle-video-du-general-qassem-soleimani-qui-a-dirige-les-operations-dal-boukamal","status":"publish","type":"post","link":"https:\/\/www.lejournalduforkane.com\/index.php\/une-nouvelle-video-du-general-qassem-soleimani-qui-a-dirige-les-operations-dal-boukamal\/","title":{"rendered":"Une nouvelle vid\u00e9o du G\u00e9n\u00e9ral Qassem Soleimani qui a dirig\u00e9 les op\u00e9rations d&rsquo;Al-Boukamal"},"content":{"rendered":"<p><!--more--><\/p>\n<p><iframe loading=\"lazy\" src=\"https:\/\/www.youtube.com\/embed\/j27XOjni1lI\" width=\"560\" height=\"315\" frameborder=\"0\" allowfullscreen=\"allowfullscreen\"><\/iframe><\/p>\n","protected":false},"excerpt":{"rendered":"","protected":false},"author":2,"featured_media":0,"comment_status":"closed","ping_status":"open","sticky":false,"template":"","format":"standard","meta":[],"categories":[49],"tags":[],"_links":{"self":[{"href":"https:\/\/www.lejournalduforkane.com\/index.php\/wp-json\/wp\/v2\/posts\/18352"}],"collection":[{"href":"https:\/\/www.lejournalduforkane.com\/index.php\/wp-json\/wp\/v2\/posts"}],"about":[{"href":"https:\/\/www.lejournalduforkane.com\/index.php\/wp-json\/wp\/v2\/types\/post"}],"author":[{"embeddable":true,"href":"https:\/\/www.lejournalduforkane.com\/index.php\/wp-json\/wp\/v2\/users\/2"}],"replies":[{"embeddable":true,"href":"https:\/\/www.lejournalduforkane.com\/index.php\/wp-json\/wp\/v2\/comments?post=18352"}],"version-history":[{"count":1,"href":"https:\/\/www.lejournalduforkane.com\/index.php\/wp-json\/wp\/v2\/posts\/18352\/revisions"}],"predecessor-version":[{"id":18354,"href":"https:\/\/www.lejournalduforkane.com\/index.php\/wp-json\/wp\/v2\/posts\/18352\/revisions\/18354"}],"wp:attachment":[{"href":"https:\/\/www.lejournalduforkane.com\/index.php\/wp-json\/wp\/v2\/media?parent=18352"}],"wp:term":[{"taxonomy":"category","embeddable":true,"href":"https:\/\/www.lejournalduforkane.com\/index.php\/wp-json\/wp\/v2\/categories?post=18352"},{"taxonomy":"post_tag","embeddable":true,"href":"https:\/\/www.lejournalduforkane.com\/index.php\/wp-json\/wp\/v2\/tags?post=18352"}],"curies":[{"name":"wp","href":"https:\/\/api.w.org\/{rel}","templated":true}]}}