
{"id":18383,"date":"2017-11-26T12:53:18","date_gmt":"2017-11-26T12:53:18","guid":{"rendered":"https:\/\/www.lejournalduforkane.com\/?p=18383"},"modified":"2017-11-26T12:53:18","modified_gmt":"2017-11-26T12:53:18","slug":"video-la-diphterie-se-propage-au-yemen-deja-3-morts","status":"publish","type":"post","link":"https:\/\/www.lejournalduforkane.com\/index.php\/video-la-diphterie-se-propage-au-yemen-deja-3-morts\/","title":{"rendered":"[Vid\u00e9o] | La dipht\u00e9rie se propage au Y\u00e9men (d\u00e9j\u00e0 3 morts)"},"content":{"rendered":"<p><!--more--><\/p>\n<p style=\"text-align: justify;\">La dipht\u00e9rie est une maladie que l&rsquo;on peut pr\u00e9venir si les enfants sont vaccin\u00e9s&#8230;mais aucun vaccin \u00e0 cause du blocus contre le Y\u00e9men&#8230;<\/p>\n<p style=\"text-align: justify;\">Il est une parole du Proph\u00e8te (P) qui est claire : \u00ab Si un crime est commis \u00e0 l\u2019orient et qu\u2019\u00e0 l\u2019occident quelqu\u2019un le justifie, ce dernier devient de fait partie prenante de ce crime \u00bb.<\/p>\n<p><iframe loading=\"lazy\" src=\"https:\/\/www.youtube.com\/embed\/l4hctOhC4XE\" width=\"560\" height=\"315\" frameborder=\"0\" allowfullscreen=\"allowfullscreen\"><\/iframe><\/p>\n","protected":false},"excerpt":{"rendered":"La dipht\u00e9rie est une maladie que l'on peut pr\u00e9venir si les enfants sont vaccin\u00e9s...mais aucun vaccin \u00e0 cause du blocus contre le Y\u00e9men... Il est une parole du Proph\u00e8te (P)","protected":false},"author":2,"featured_media":0,"comment_status":"closed","ping_status":"open","sticky":false,"template":"","format":"standard","meta":[],"categories":[49],"tags":[],"_links":{"self":[{"href":"https:\/\/www.lejournalduforkane.com\/index.php\/wp-json\/wp\/v2\/posts\/18383"}],"collection":[{"href":"https:\/\/www.lejournalduforkane.com\/index.php\/wp-json\/wp\/v2\/posts"}],"about":[{"href":"https:\/\/www.lejournalduforkane.com\/index.php\/wp-json\/wp\/v2\/types\/post"}],"author":[{"embeddable":true,"href":"https:\/\/www.lejournalduforkane.com\/index.php\/wp-json\/wp\/v2\/users\/2"}],"replies":[{"embeddable":true,"href":"https:\/\/www.lejournalduforkane.com\/index.php\/wp-json\/wp\/v2\/comments?post=18383"}],"version-history":[{"count":1,"href":"https:\/\/www.lejournalduforkane.com\/index.php\/wp-json\/wp\/v2\/posts\/18383\/revisions"}],"predecessor-version":[{"id":18385,"href":"https:\/\/www.lejournalduforkane.com\/index.php\/wp-json\/wp\/v2\/posts\/18383\/revisions\/18385"}],"wp:attachment":[{"href":"https:\/\/www.lejournalduforkane.com\/index.php\/wp-json\/wp\/v2\/media?parent=18383"}],"wp:term":[{"taxonomy":"category","embeddable":true,"href":"https:\/\/www.lejournalduforkane.com\/index.php\/wp-json\/wp\/v2\/categories?post=18383"},{"taxonomy":"post_tag","embeddable":true,"href":"https:\/\/www.lejournalduforkane.com\/index.php\/wp-json\/wp\/v2\/tags?post=18383"}],"curies":[{"name":"wp","href":"https:\/\/api.w.org\/{rel}","templated":true}]}}