
{"id":18389,"date":"2017-11-27T15:34:29","date_gmt":"2017-11-27T15:34:29","guid":{"rendered":"https:\/\/www.lejournalduforkane.com\/?p=18389"},"modified":"2017-11-27T15:34:29","modified_gmt":"2017-11-27T15:34:29","slug":"les-americains-manifestent-devant-lambassade-darabie-saoudite-aux-etats-unis-pour-demander-larret-immediat-de-la-guerre-et-le-meurtre-des-civils-au-yemen","status":"publish","type":"post","link":"https:\/\/www.lejournalduforkane.com\/index.php\/les-americains-manifestent-devant-lambassade-darabie-saoudite-aux-etats-unis-pour-demander-larret-immediat-de-la-guerre-et-le-meurtre-des-civils-au-yemen\/","title":{"rendered":"Les am\u00e9ricains manifestent devant l&rsquo;ambassade d&rsquo;Arabie Saoudite aux \u00c9tats-Unis pour demander l\u2019arr\u00eat imm\u00e9diat de la guerre et le meurtre des civils au Y\u00e9men"},"content":{"rendered":"<p style=\"text-align: justify;\"><!--more--><\/p>\n<p style=\"text-align: justify;\"><strong>CETTE COALITION ARABO-US MOTIV\u00c9E ET PR\u00caTE A EN D\u00c9COUDRE, ASSASSINE ET BOMBARDE UN PEUPLE SANS D\u00c9FENSE ET POURTANT B\u00c9NI PAR LE PROPH\u00c8TE (P), ALORS QU\u2019IL (P) A MAUDIT LES SAOUDIENS ET LEUR ID\u00c9OLOGIE SALAFISTE WAHHABITES VENUS DU NAJD.<\/strong><\/p>\n<p style=\"text-align: justify;\">Ce qui nous \u00e9tonne dans l\u2019agression contre le peuple b\u00e9ni par le Proph\u00e8te (P), ce qui n\u2019est pas rien, en tout cas pour un Musulman, c\u2019est le silence complice : de l\u2019Occident et de la majorit\u00e9 des Musulmans.<\/p>\n<p><iframe loading=\"lazy\" src=\"https:\/\/www.youtube.com\/embed\/6jP8ibize-o\" width=\"560\" height=\"315\" frameborder=\"0\" allowfullscreen=\"allowfullscreen\"><\/iframe><\/p>\n","protected":false},"excerpt":{"rendered":"CETTE COALITION ARABO-US MOTIV\u00c9E ET PR\u00caTE A EN D\u00c9COUDRE, ASSASSINE ET BOMBARDE UN PEUPLE SANS D\u00c9FENSE ET POURTANT B\u00c9NI PAR LE PROPH\u00c8TE (P), ALORS QU\u2019IL (P) A MAUDIT LES SAOUDIENS","protected":false},"author":2,"featured_media":0,"comment_status":"closed","ping_status":"open","sticky":false,"template":"","format":"standard","meta":[],"categories":[49],"tags":[],"_links":{"self":[{"href":"https:\/\/www.lejournalduforkane.com\/index.php\/wp-json\/wp\/v2\/posts\/18389"}],"collection":[{"href":"https:\/\/www.lejournalduforkane.com\/index.php\/wp-json\/wp\/v2\/posts"}],"about":[{"href":"https:\/\/www.lejournalduforkane.com\/index.php\/wp-json\/wp\/v2\/types\/post"}],"author":[{"embeddable":true,"href":"https:\/\/www.lejournalduforkane.com\/index.php\/wp-json\/wp\/v2\/users\/2"}],"replies":[{"embeddable":true,"href":"https:\/\/www.lejournalduforkane.com\/index.php\/wp-json\/wp\/v2\/comments?post=18389"}],"version-history":[{"count":1,"href":"https:\/\/www.lejournalduforkane.com\/index.php\/wp-json\/wp\/v2\/posts\/18389\/revisions"}],"predecessor-version":[{"id":18391,"href":"https:\/\/www.lejournalduforkane.com\/index.php\/wp-json\/wp\/v2\/posts\/18389\/revisions\/18391"}],"wp:attachment":[{"href":"https:\/\/www.lejournalduforkane.com\/index.php\/wp-json\/wp\/v2\/media?parent=18389"}],"wp:term":[{"taxonomy":"category","embeddable":true,"href":"https:\/\/www.lejournalduforkane.com\/index.php\/wp-json\/wp\/v2\/categories?post=18389"},{"taxonomy":"post_tag","embeddable":true,"href":"https:\/\/www.lejournalduforkane.com\/index.php\/wp-json\/wp\/v2\/tags?post=18389"}],"curies":[{"name":"wp","href":"https:\/\/api.w.org\/{rel}","templated":true}]}}