
{"id":18421,"date":"2017-12-02T17:13:55","date_gmt":"2017-12-02T17:13:55","guid":{"rendered":"https:\/\/www.lejournalduforkane.com\/?p=18421"},"modified":"2017-12-02T17:13:55","modified_gmt":"2017-12-02T17:13:55","slug":"video-celebration-de-la-naissance-du-prophete-mohammed-p-aujourdhui-a-sanaa","status":"publish","type":"post","link":"https:\/\/www.lejournalduforkane.com\/index.php\/video-celebration-de-la-naissance-du-prophete-mohammed-p-aujourdhui-a-sanaa\/","title":{"rendered":"[Vid\u00e9o] | C\u00e9l\u00e9bration de la naissance du Proph\u00e8te Mohammed (P) aujourd&rsquo;hui \u00e0 Sanaa"},"content":{"rendered":"<p><!--more--><\/p>\n<p>Regardez la vid\u00e9o et vous comprendrez pourquoi le Proph\u00e8te Mohammed (P) a b\u00e9ni le Y\u00e9men.<\/p>\n<p><iframe loading=\"lazy\" src=\"https:\/\/www.youtube.com\/embed\/t3Iz3LME7dw\" width=\"560\" height=\"315\" frameborder=\"0\" allowfullscreen=\"allowfullscreen\"><\/iframe><\/p>\n","protected":false},"excerpt":{"rendered":"Regardez la vid\u00e9o et vous comprendrez pourquoi le Proph\u00e8te Mohammed (P) a b\u00e9ni le Y\u00e9men.","protected":false},"author":2,"featured_media":0,"comment_status":"closed","ping_status":"open","sticky":false,"template":"","format":"standard","meta":[],"categories":[49],"tags":[],"_links":{"self":[{"href":"https:\/\/www.lejournalduforkane.com\/index.php\/wp-json\/wp\/v2\/posts\/18421"}],"collection":[{"href":"https:\/\/www.lejournalduforkane.com\/index.php\/wp-json\/wp\/v2\/posts"}],"about":[{"href":"https:\/\/www.lejournalduforkane.com\/index.php\/wp-json\/wp\/v2\/types\/post"}],"author":[{"embeddable":true,"href":"https:\/\/www.lejournalduforkane.com\/index.php\/wp-json\/wp\/v2\/users\/2"}],"replies":[{"embeddable":true,"href":"https:\/\/www.lejournalduforkane.com\/index.php\/wp-json\/wp\/v2\/comments?post=18421"}],"version-history":[{"count":1,"href":"https:\/\/www.lejournalduforkane.com\/index.php\/wp-json\/wp\/v2\/posts\/18421\/revisions"}],"predecessor-version":[{"id":18423,"href":"https:\/\/www.lejournalduforkane.com\/index.php\/wp-json\/wp\/v2\/posts\/18421\/revisions\/18423"}],"wp:attachment":[{"href":"https:\/\/www.lejournalduforkane.com\/index.php\/wp-json\/wp\/v2\/media?parent=18421"}],"wp:term":[{"taxonomy":"category","embeddable":true,"href":"https:\/\/www.lejournalduforkane.com\/index.php\/wp-json\/wp\/v2\/categories?post=18421"},{"taxonomy":"post_tag","embeddable":true,"href":"https:\/\/www.lejournalduforkane.com\/index.php\/wp-json\/wp\/v2\/tags?post=18421"}],"curies":[{"name":"wp","href":"https:\/\/api.w.org\/{rel}","templated":true}]}}