
{"id":18448,"date":"2017-12-04T19:45:24","date_gmt":"2017-12-04T19:45:24","guid":{"rendered":"https:\/\/www.lejournalduforkane.com\/?p=18448"},"modified":"2017-12-04T19:45:24","modified_gmt":"2017-12-04T19:45:24","slug":"video-les-1eres-images-de-la-mort-de-lex-president-yemenite-ali-abdallah-saleh-attention-images-choquantes","status":"publish","type":"post","link":"https:\/\/www.lejournalduforkane.com\/index.php\/video-les-1eres-images-de-la-mort-de-lex-president-yemenite-ali-abdallah-saleh-attention-images-choquantes\/","title":{"rendered":"Vid\u00e9o : Les 1\u00e8res images de la mort de l&rsquo;ex-pr\u00e9sident y\u00e9m\u00e9nite Ali Abdallah Saleh &#8212; ATTENTION IMAGES CHOQUANTES"},"content":{"rendered":"<p><!--more--><\/p>\n<p style=\"text-align: justify;\">Selon certaines sources, c&rsquo;est l&rsquo;arm\u00e9e de l&rsquo;air des Emirats Arabes Unis qui a tu\u00e9 Ali Abdallah Saleh par erreur alors qu&rsquo;il tentait de s&rsquo;enfuir en Arabie saoudite<\/p>\n<p><iframe loading=\"lazy\" src=\"https:\/\/www.youtube.com\/embed\/ldxPNf3XKpQ\" width=\"560\" height=\"315\" frameborder=\"0\" allowfullscreen=\"allowfullscreen\"><\/iframe><\/p>\n","protected":false},"excerpt":{"rendered":"Selon certaines sources, c'est l'arm\u00e9e de l'air des Emirats Arabes Unis qui a tu\u00e9 Ali Abdallah Saleh par erreur alors qu'il tentait de s'enfuir en Arabie saoudite","protected":false},"author":2,"featured_media":0,"comment_status":"closed","ping_status":"open","sticky":false,"template":"","format":"standard","meta":[],"categories":[49],"tags":[],"_links":{"self":[{"href":"https:\/\/www.lejournalduforkane.com\/index.php\/wp-json\/wp\/v2\/posts\/18448"}],"collection":[{"href":"https:\/\/www.lejournalduforkane.com\/index.php\/wp-json\/wp\/v2\/posts"}],"about":[{"href":"https:\/\/www.lejournalduforkane.com\/index.php\/wp-json\/wp\/v2\/types\/post"}],"author":[{"embeddable":true,"href":"https:\/\/www.lejournalduforkane.com\/index.php\/wp-json\/wp\/v2\/users\/2"}],"replies":[{"embeddable":true,"href":"https:\/\/www.lejournalduforkane.com\/index.php\/wp-json\/wp\/v2\/comments?post=18448"}],"version-history":[{"count":1,"href":"https:\/\/www.lejournalduforkane.com\/index.php\/wp-json\/wp\/v2\/posts\/18448\/revisions"}],"predecessor-version":[{"id":18450,"href":"https:\/\/www.lejournalduforkane.com\/index.php\/wp-json\/wp\/v2\/posts\/18448\/revisions\/18450"}],"wp:attachment":[{"href":"https:\/\/www.lejournalduforkane.com\/index.php\/wp-json\/wp\/v2\/media?parent=18448"}],"wp:term":[{"taxonomy":"category","embeddable":true,"href":"https:\/\/www.lejournalduforkane.com\/index.php\/wp-json\/wp\/v2\/categories?post=18448"},{"taxonomy":"post_tag","embeddable":true,"href":"https:\/\/www.lejournalduforkane.com\/index.php\/wp-json\/wp\/v2\/tags?post=18448"}],"curies":[{"name":"wp","href":"https:\/\/api.w.org\/{rel}","templated":true}]}}