
{"id":18451,"date":"2017-12-06T19:52:08","date_gmt":"2017-12-06T19:52:08","guid":{"rendered":"https:\/\/www.lejournalduforkane.com\/?p=18451"},"modified":"2017-12-06T19:52:08","modified_gmt":"2017-12-06T19:52:08","slug":"en-video-manifestation-monstre-a-sanaa-yemen-en-soutien-a-la-resistance-yemenite-ansarallah","status":"publish","type":"post","link":"https:\/\/www.lejournalduforkane.com\/index.php\/en-video-manifestation-monstre-a-sanaa-yemen-en-soutien-a-la-resistance-yemenite-ansarallah\/","title":{"rendered":"En vid\u00e9o : manifestation monstre \u00e0 Sanaa (Y\u00e9men) en soutien \u00e0 la r\u00e9sistance y\u00e9m\u00e9nite AnsarAllah"},"content":{"rendered":"<p><!--more--><\/p>\n<p>En vid\u00e9o : manifestation monstre \u00e0 Sanaa (Y\u00e9men) en soutien \u00e0 la r\u00e9sistance y\u00e9m\u00e9nite AnsarAllah sous le slogan \u00ab\u00a0Merci \u00e0 Dieu de nous aider surmonter la crise et soutien total \u00e0 l&rsquo;\u00e9tat..\u00a0\u00bb<br \/>\n<iframe loading=\"lazy\" src=\"https:\/\/www.youtube.com\/embed\/LqgA6Sf5Eg8\" width=\"560\" height=\"315\" frameborder=\"0\" allowfullscreen=\"allowfullscreen\"><\/iframe><\/p>\n","protected":false},"excerpt":{"rendered":"En vid\u00e9o : manifestation monstre \u00e0 Sanaa (Y\u00e9men) en soutien \u00e0 la r\u00e9sistance y\u00e9m\u00e9nite AnsarAllah sous le slogan \"Merci \u00e0 Dieu de nous aider surmonter la crise et soutien total","protected":false},"author":2,"featured_media":0,"comment_status":"closed","ping_status":"open","sticky":false,"template":"","format":"standard","meta":[],"categories":[49],"tags":[],"_links":{"self":[{"href":"https:\/\/www.lejournalduforkane.com\/index.php\/wp-json\/wp\/v2\/posts\/18451"}],"collection":[{"href":"https:\/\/www.lejournalduforkane.com\/index.php\/wp-json\/wp\/v2\/posts"}],"about":[{"href":"https:\/\/www.lejournalduforkane.com\/index.php\/wp-json\/wp\/v2\/types\/post"}],"author":[{"embeddable":true,"href":"https:\/\/www.lejournalduforkane.com\/index.php\/wp-json\/wp\/v2\/users\/2"}],"replies":[{"embeddable":true,"href":"https:\/\/www.lejournalduforkane.com\/index.php\/wp-json\/wp\/v2\/comments?post=18451"}],"version-history":[{"count":1,"href":"https:\/\/www.lejournalduforkane.com\/index.php\/wp-json\/wp\/v2\/posts\/18451\/revisions"}],"predecessor-version":[{"id":18453,"href":"https:\/\/www.lejournalduforkane.com\/index.php\/wp-json\/wp\/v2\/posts\/18451\/revisions\/18453"}],"wp:attachment":[{"href":"https:\/\/www.lejournalduforkane.com\/index.php\/wp-json\/wp\/v2\/media?parent=18451"}],"wp:term":[{"taxonomy":"category","embeddable":true,"href":"https:\/\/www.lejournalduforkane.com\/index.php\/wp-json\/wp\/v2\/categories?post=18451"},{"taxonomy":"post_tag","embeddable":true,"href":"https:\/\/www.lejournalduforkane.com\/index.php\/wp-json\/wp\/v2\/tags?post=18451"}],"curies":[{"name":"wp","href":"https:\/\/api.w.org\/{rel}","templated":true}]}}