
{"id":18487,"date":"2017-12-08T11:51:11","date_gmt":"2017-12-08T11:51:11","guid":{"rendered":"https:\/\/www.lejournalduforkane.com\/?p=18487"},"modified":"2017-12-08T11:51:11","modified_gmt":"2017-12-08T11:51:11","slug":"video-prise-dans-le-camp-de-refugies-de-shufat-dans-jerusalem-occupee-aujourdhui","status":"publish","type":"post","link":"https:\/\/www.lejournalduforkane.com\/index.php\/video-prise-dans-le-camp-de-refugies-de-shufat-dans-jerusalem-occupee-aujourdhui\/","title":{"rendered":"Vid\u00e9o prise dans le camp de r\u00e9fugi\u00e9s de Shu&rsquo;fat dans J\u00e9rusalem occup\u00e9e aujourd&rsquo;hui"},"content":{"rendered":"<p><!--more--><\/p>\n<p style=\"text-align: justify;\">Jeune ou vieux, aucune importance ! Tous les palestiniens sont confront\u00e9s aux forces isra\u00e9liennes dans la Cisjordanie occup\u00e9e pour exprimer leur col\u00e8re et leur rejet de proclamer J\u00e9rusalem capitale d&rsquo;Isra\u00ebl.<\/p>\n<p><iframe loading=\"lazy\" src=\"https:\/\/www.youtube.com\/embed\/_R5DciacILI\" width=\"560\" height=\"315\" frameborder=\"0\" allowfullscreen=\"allowfullscreen\"><\/iframe><\/p>\n","protected":false},"excerpt":{"rendered":"Jeune ou vieux, aucune importance ! Tous les palestiniens sont confront\u00e9s aux forces isra\u00e9liennes dans la Cisjordanie occup\u00e9e pour exprimer leur col\u00e8re et leur rejet de proclamer J\u00e9rusalem capitale d'Isra\u00ebl.","protected":false},"author":2,"featured_media":0,"comment_status":"closed","ping_status":"open","sticky":false,"template":"","format":"standard","meta":[],"categories":[49],"tags":[],"_links":{"self":[{"href":"https:\/\/www.lejournalduforkane.com\/index.php\/wp-json\/wp\/v2\/posts\/18487"}],"collection":[{"href":"https:\/\/www.lejournalduforkane.com\/index.php\/wp-json\/wp\/v2\/posts"}],"about":[{"href":"https:\/\/www.lejournalduforkane.com\/index.php\/wp-json\/wp\/v2\/types\/post"}],"author":[{"embeddable":true,"href":"https:\/\/www.lejournalduforkane.com\/index.php\/wp-json\/wp\/v2\/users\/2"}],"replies":[{"embeddable":true,"href":"https:\/\/www.lejournalduforkane.com\/index.php\/wp-json\/wp\/v2\/comments?post=18487"}],"version-history":[{"count":1,"href":"https:\/\/www.lejournalduforkane.com\/index.php\/wp-json\/wp\/v2\/posts\/18487\/revisions"}],"predecessor-version":[{"id":18489,"href":"https:\/\/www.lejournalduforkane.com\/index.php\/wp-json\/wp\/v2\/posts\/18487\/revisions\/18489"}],"wp:attachment":[{"href":"https:\/\/www.lejournalduforkane.com\/index.php\/wp-json\/wp\/v2\/media?parent=18487"}],"wp:term":[{"taxonomy":"category","embeddable":true,"href":"https:\/\/www.lejournalduforkane.com\/index.php\/wp-json\/wp\/v2\/categories?post=18487"},{"taxonomy":"post_tag","embeddable":true,"href":"https:\/\/www.lejournalduforkane.com\/index.php\/wp-json\/wp\/v2\/tags?post=18487"}],"curies":[{"name":"wp","href":"https:\/\/api.w.org\/{rel}","templated":true}]}}