
{"id":18561,"date":"2017-12-10T17:37:56","date_gmt":"2017-12-10T17:37:56","guid":{"rendered":"https:\/\/www.lejournalduforkane.com\/?p=18561"},"modified":"2017-12-10T17:37:56","modified_gmt":"2017-12-10T17:37:56","slug":"les-al-saud-ont-trahi-la-palestine","status":"publish","type":"post","link":"https:\/\/www.lejournalduforkane.com\/index.php\/les-al-saud-ont-trahi-la-palestine\/","title":{"rendered":"Les Al-Saud ont trahi la Palestine"},"content":{"rendered":"<p style=\"text-align: justify;\"><!--more--><\/p>\n<p style=\"text-align: justify;\">Les palestiniens br\u00fblent des photos du roi saoudien et de son fils le prince h\u00e9ritier pendant les manifestations pour protester contre la d\u00e9cision de Trump de reconna\u00eetre J\u00e9rusalem comme capitale d&rsquo;Isra\u00ebl.<\/p>\n<p style=\"text-align: justify;\">Lorsque le roi saoudien et son fils tentent de r\u00e9gler la question de la Palestine en partenariat avec Netanyahu et Trump, ne vous attendez pas \u00e0 ce que le peuple palestinien et les peuples arabes et islamiques leur sourient.<\/p>\n<p><iframe loading=\"lazy\" src=\"https:\/\/www.youtube.com\/embed\/kNipoymlM_4\" width=\"560\" height=\"315\" frameborder=\"0\" allowfullscreen=\"allowfullscreen\"><\/iframe><\/p>\n","protected":false},"excerpt":{"rendered":"Les palestiniens br\u00fblent des photos du roi saoudien et de son fils le prince h\u00e9ritier pendant les manifestations pour protester contre la d\u00e9cision de Trump de reconna\u00eetre J\u00e9rusalem comme capitale","protected":false},"author":2,"featured_media":0,"comment_status":"closed","ping_status":"open","sticky":false,"template":"","format":"standard","meta":[],"categories":[49],"tags":[],"_links":{"self":[{"href":"https:\/\/www.lejournalduforkane.com\/index.php\/wp-json\/wp\/v2\/posts\/18561"}],"collection":[{"href":"https:\/\/www.lejournalduforkane.com\/index.php\/wp-json\/wp\/v2\/posts"}],"about":[{"href":"https:\/\/www.lejournalduforkane.com\/index.php\/wp-json\/wp\/v2\/types\/post"}],"author":[{"embeddable":true,"href":"https:\/\/www.lejournalduforkane.com\/index.php\/wp-json\/wp\/v2\/users\/2"}],"replies":[{"embeddable":true,"href":"https:\/\/www.lejournalduforkane.com\/index.php\/wp-json\/wp\/v2\/comments?post=18561"}],"version-history":[{"count":1,"href":"https:\/\/www.lejournalduforkane.com\/index.php\/wp-json\/wp\/v2\/posts\/18561\/revisions"}],"predecessor-version":[{"id":18563,"href":"https:\/\/www.lejournalduforkane.com\/index.php\/wp-json\/wp\/v2\/posts\/18561\/revisions\/18563"}],"wp:attachment":[{"href":"https:\/\/www.lejournalduforkane.com\/index.php\/wp-json\/wp\/v2\/media?parent=18561"}],"wp:term":[{"taxonomy":"category","embeddable":true,"href":"https:\/\/www.lejournalduforkane.com\/index.php\/wp-json\/wp\/v2\/categories?post=18561"},{"taxonomy":"post_tag","embeddable":true,"href":"https:\/\/www.lejournalduforkane.com\/index.php\/wp-json\/wp\/v2\/tags?post=18561"}],"curies":[{"name":"wp","href":"https:\/\/api.w.org\/{rel}","templated":true}]}}