
{"id":18564,"date":"2017-12-10T17:42:35","date_gmt":"2017-12-10T17:42:35","guid":{"rendered":"https:\/\/www.lejournalduforkane.com\/?p=18564"},"modified":"2017-12-10T17:42:35","modified_gmt":"2017-12-10T17:42:35","slug":"peu-importe-comment-prier-mais-priez-pour-la-palestine","status":"publish","type":"post","link":"https:\/\/www.lejournalduforkane.com\/index.php\/peu-importe-comment-prier-mais-priez-pour-la-palestine\/","title":{"rendered":"Peu importe comment prier, mais priez pour la Palestine"},"content":{"rendered":"<p><!--more--><\/p>\n<p style=\"text-align: justify;\">Chr\u00e9tiens ou musulmans, nous sommes tous Palestiniens, et J\u00e9rusalem est \u00e0 nous<\/p>\n<p style=\"text-align: justify;\">Vid\u00e9o prise hier<\/p>\n<p><iframe loading=\"lazy\" src=\"https:\/\/www.youtube.com\/embed\/yTILuuVZFuM\" width=\"560\" height=\"315\" frameborder=\"0\" allowfullscreen=\"allowfullscreen\"><\/iframe><\/p>\n","protected":false},"excerpt":{"rendered":"Chr\u00e9tiens ou musulmans, nous sommes tous Palestiniens, et J\u00e9rusalem est \u00e0 nous Vid\u00e9o prise hier","protected":false},"author":2,"featured_media":0,"comment_status":"closed","ping_status":"open","sticky":false,"template":"","format":"standard","meta":[],"categories":[49],"tags":[],"_links":{"self":[{"href":"https:\/\/www.lejournalduforkane.com\/index.php\/wp-json\/wp\/v2\/posts\/18564"}],"collection":[{"href":"https:\/\/www.lejournalduforkane.com\/index.php\/wp-json\/wp\/v2\/posts"}],"about":[{"href":"https:\/\/www.lejournalduforkane.com\/index.php\/wp-json\/wp\/v2\/types\/post"}],"author":[{"embeddable":true,"href":"https:\/\/www.lejournalduforkane.com\/index.php\/wp-json\/wp\/v2\/users\/2"}],"replies":[{"embeddable":true,"href":"https:\/\/www.lejournalduforkane.com\/index.php\/wp-json\/wp\/v2\/comments?post=18564"}],"version-history":[{"count":2,"href":"https:\/\/www.lejournalduforkane.com\/index.php\/wp-json\/wp\/v2\/posts\/18564\/revisions"}],"predecessor-version":[{"id":18567,"href":"https:\/\/www.lejournalduforkane.com\/index.php\/wp-json\/wp\/v2\/posts\/18564\/revisions\/18567"}],"wp:attachment":[{"href":"https:\/\/www.lejournalduforkane.com\/index.php\/wp-json\/wp\/v2\/media?parent=18564"}],"wp:term":[{"taxonomy":"category","embeddable":true,"href":"https:\/\/www.lejournalduforkane.com\/index.php\/wp-json\/wp\/v2\/categories?post=18564"},{"taxonomy":"post_tag","embeddable":true,"href":"https:\/\/www.lejournalduforkane.com\/index.php\/wp-json\/wp\/v2\/tags?post=18564"}],"curies":[{"name":"wp","href":"https:\/\/api.w.org\/{rel}","templated":true}]}}