
{"id":18574,"date":"2017-12-10T17:53:16","date_gmt":"2017-12-10T17:53:16","guid":{"rendered":"https:\/\/www.lejournalduforkane.com\/?p=18574"},"modified":"2017-12-10T17:53:16","modified_gmt":"2017-12-10T17:53:16","slug":"les-martyrs-palestiniens","status":"publish","type":"post","link":"https:\/\/www.lejournalduforkane.com\/index.php\/les-martyrs-palestiniens\/","title":{"rendered":"Les martyrs palestiniens"},"content":{"rendered":"<p><!--more--><\/p>\n<p>4 fun\u00e9railles pour 4 palestiniens tu\u00e9s lors des frappes a\u00e9riennes isra\u00e9liennes sur les assi\u00e9g\u00e9es de Gaza hier&#8230; Rip<\/p>\n<p><img loading=\"lazy\" class=\"alignnone size-medium wp-image-18575\" src=\"https:\/\/www.lejournalduforkane.com\/wp-content\/uploads\/2017\/12\/Les-martyrs-palestiniens4-300x182.jpg\" alt=\"Les martyrs palestiniens4\" width=\"300\" height=\"182\" srcset=\"https:\/\/www.lejournalduforkane.com\/wp-content\/uploads\/2017\/12\/Les-martyrs-palestiniens4-300x182.jpg 300w, https:\/\/www.lejournalduforkane.com\/wp-content\/uploads\/2017\/12\/Les-martyrs-palestiniens4.jpg 720w\" sizes=\"(max-width: 300px) 100vw, 300px\" \/> <img loading=\"lazy\" class=\"alignnone size-medium wp-image-18576\" src=\"https:\/\/www.lejournalduforkane.com\/wp-content\/uploads\/2017\/12\/Les-martyrs-palestiniens3-300x196.jpg\" alt=\"Les martyrs palestiniens3\" width=\"300\" height=\"196\" srcset=\"https:\/\/www.lejournalduforkane.com\/wp-content\/uploads\/2017\/12\/Les-martyrs-palestiniens3-300x196.jpg 300w, https:\/\/www.lejournalduforkane.com\/wp-content\/uploads\/2017\/12\/Les-martyrs-palestiniens3.jpg 720w\" sizes=\"(max-width: 300px) 100vw, 300px\" \/> <img loading=\"lazy\" class=\"alignnone size-medium wp-image-18577\" src=\"https:\/\/www.lejournalduforkane.com\/wp-content\/uploads\/2017\/12\/Les-martyrs-palestiniens2-300x200.jpg\" alt=\"Les martyrs palestiniens2\" width=\"300\" height=\"200\" srcset=\"https:\/\/www.lejournalduforkane.com\/wp-content\/uploads\/2017\/12\/Les-martyrs-palestiniens2-300x200.jpg 300w, https:\/\/www.lejournalduforkane.com\/wp-content\/uploads\/2017\/12\/Les-martyrs-palestiniens2-768x512.jpg 768w, https:\/\/www.lejournalduforkane.com\/wp-content\/uploads\/2017\/12\/Les-martyrs-palestiniens2.jpg 960w\" sizes=\"(max-width: 300px) 100vw, 300px\" \/> <img loading=\"lazy\" class=\"alignnone size-medium wp-image-18578\" src=\"https:\/\/www.lejournalduforkane.com\/wp-content\/uploads\/2017\/12\/Les-martyrs-palestiniens1-300x200.jpg\" alt=\"Les martyrs palestiniens1\" width=\"300\" height=\"200\" srcset=\"https:\/\/www.lejournalduforkane.com\/wp-content\/uploads\/2017\/12\/Les-martyrs-palestiniens1-300x200.jpg 300w, https:\/\/www.lejournalduforkane.com\/wp-content\/uploads\/2017\/12\/Les-martyrs-palestiniens1.jpg 720w\" sizes=\"(max-width: 300px) 100vw, 300px\" \/><\/p>\n","protected":false},"excerpt":{"rendered":"4 fun\u00e9railles pour 4 palestiniens tu\u00e9s lors des frappes a\u00e9riennes isra\u00e9liennes sur les assi\u00e9g\u00e9es de Gaza hier... Rip","protected":false},"author":2,"featured_media":0,"comment_status":"closed","ping_status":"open","sticky":false,"template":"","format":"standard","meta":[],"categories":[],"tags":[],"_links":{"self":[{"href":"https:\/\/www.lejournalduforkane.com\/index.php\/wp-json\/wp\/v2\/posts\/18574"}],"collection":[{"href":"https:\/\/www.lejournalduforkane.com\/index.php\/wp-json\/wp\/v2\/posts"}],"about":[{"href":"https:\/\/www.lejournalduforkane.com\/index.php\/wp-json\/wp\/v2\/types\/post"}],"author":[{"embeddable":true,"href":"https:\/\/www.lejournalduforkane.com\/index.php\/wp-json\/wp\/v2\/users\/2"}],"replies":[{"embeddable":true,"href":"https:\/\/www.lejournalduforkane.com\/index.php\/wp-json\/wp\/v2\/comments?post=18574"}],"version-history":[{"count":1,"href":"https:\/\/www.lejournalduforkane.com\/index.php\/wp-json\/wp\/v2\/posts\/18574\/revisions"}],"predecessor-version":[{"id":18579,"href":"https:\/\/www.lejournalduforkane.com\/index.php\/wp-json\/wp\/v2\/posts\/18574\/revisions\/18579"}],"wp:attachment":[{"href":"https:\/\/www.lejournalduforkane.com\/index.php\/wp-json\/wp\/v2\/media?parent=18574"}],"wp:term":[{"taxonomy":"category","embeddable":true,"href":"https:\/\/www.lejournalduforkane.com\/index.php\/wp-json\/wp\/v2\/categories?post=18574"},{"taxonomy":"post_tag","embeddable":true,"href":"https:\/\/www.lejournalduforkane.com\/index.php\/wp-json\/wp\/v2\/tags?post=18574"}],"curies":[{"name":"wp","href":"https:\/\/api.w.org\/{rel}","templated":true}]}}