
{"id":18594,"date":"2017-12-11T19:40:46","date_gmt":"2017-12-11T19:40:46","guid":{"rendered":"https:\/\/www.lejournalduforkane.com\/?p=18594"},"modified":"2017-12-11T19:40:46","modified_gmt":"2017-12-11T19:40:46","slug":"vraiment-pitoyable-un-soldat-de-loccupation-israelienne-vole-des-fruits-a-un-palestinien-lors-des-affrontements-a-al-khalil","status":"publish","type":"post","link":"https:\/\/www.lejournalduforkane.com\/index.php\/vraiment-pitoyable-un-soldat-de-loccupation-israelienne-vole-des-fruits-a-un-palestinien-lors-des-affrontements-a-al-khalil\/","title":{"rendered":"VRAIMENT PITOYABLE : Un soldat de l&rsquo;occupation isra\u00e9lienne vole des fruits \u00e0 un palestinien lors des affrontements \u00e0 Al Khalil."},"content":{"rendered":"<p><!--more--><\/p>\n<p style=\"text-align: justify;\">VRAIMENT PITOYABLE : Un soldat de l&rsquo;occupation isra\u00e9lienne vole des fruits \u00e0 un palestinien lors des affrontements \u00e0 Al Khalil.<\/p>\n<p style=\"text-align: justify;\">C\u2019EST QUE CETTE ARM\u00c9E N\u2019EN EST PAS UNE. CE SONT DES TRA\u00ceTRES QUI S\u2019EN PRENNENT EXCLUSIVEMENT A PLUS FAIBLE QU\u2019EUX.<\/p>\n<p style=\"text-align: justify;\">D\u00e9non\u00e7ons les crimes de l&rsquo;arm\u00e9e d&rsquo;occupation isra\u00e9lienne et soyons tous solidaires avec la Palestine.<\/p>\n<div class=\"text_exposed_show\">\n<p style=\"text-align: justify;\">A VOIR ET A PARTAGER<\/p>\n<p><iframe loading=\"lazy\" src=\"https:\/\/www.youtube.com\/embed\/UABvhzBI8Vw\" width=\"560\" height=\"315\" frameborder=\"0\" allowfullscreen=\"allowfullscreen\"><\/iframe><\/p>\n<\/div>\n","protected":false},"excerpt":{"rendered":"VRAIMENT PITOYABLE : Un soldat de l'occupation isra\u00e9lienne vole des fruits \u00e0 un palestinien lors des affrontements \u00e0 Al Khalil. C\u2019EST QUE CETTE ARM\u00c9E N\u2019EN EST PAS UNE. CE SONT","protected":false},"author":2,"featured_media":0,"comment_status":"closed","ping_status":"open","sticky":false,"template":"","format":"standard","meta":[],"categories":[49],"tags":[],"_links":{"self":[{"href":"https:\/\/www.lejournalduforkane.com\/index.php\/wp-json\/wp\/v2\/posts\/18594"}],"collection":[{"href":"https:\/\/www.lejournalduforkane.com\/index.php\/wp-json\/wp\/v2\/posts"}],"about":[{"href":"https:\/\/www.lejournalduforkane.com\/index.php\/wp-json\/wp\/v2\/types\/post"}],"author":[{"embeddable":true,"href":"https:\/\/www.lejournalduforkane.com\/index.php\/wp-json\/wp\/v2\/users\/2"}],"replies":[{"embeddable":true,"href":"https:\/\/www.lejournalduforkane.com\/index.php\/wp-json\/wp\/v2\/comments?post=18594"}],"version-history":[{"count":1,"href":"https:\/\/www.lejournalduforkane.com\/index.php\/wp-json\/wp\/v2\/posts\/18594\/revisions"}],"predecessor-version":[{"id":18596,"href":"https:\/\/www.lejournalduforkane.com\/index.php\/wp-json\/wp\/v2\/posts\/18594\/revisions\/18596"}],"wp:attachment":[{"href":"https:\/\/www.lejournalduforkane.com\/index.php\/wp-json\/wp\/v2\/media?parent=18594"}],"wp:term":[{"taxonomy":"category","embeddable":true,"href":"https:\/\/www.lejournalduforkane.com\/index.php\/wp-json\/wp\/v2\/categories?post=18594"},{"taxonomy":"post_tag","embeddable":true,"href":"https:\/\/www.lejournalduforkane.com\/index.php\/wp-json\/wp\/v2\/tags?post=18594"}],"curies":[{"name":"wp","href":"https:\/\/api.w.org\/{rel}","templated":true}]}}