
{"id":18604,"date":"2017-12-11T19:51:29","date_gmt":"2017-12-11T19:51:29","guid":{"rendered":"https:\/\/www.lejournalduforkane.com\/?p=18604"},"modified":"2017-12-11T19:51:29","modified_gmt":"2017-12-11T19:51:29","slug":"vladimir-poutine-se-rend-en-syrie-pour-rencontrer-bachar-al-assad-et-les-soldats-russes","status":"publish","type":"post","link":"https:\/\/www.lejournalduforkane.com\/index.php\/vladimir-poutine-se-rend-en-syrie-pour-rencontrer-bachar-al-assad-et-les-soldats-russes\/","title":{"rendered":"Vladimir Poutine se rend en Syrie pour rencontrer Bachar Al Assad et les soldats russes"},"content":{"rendered":"<p><!--more--><\/p>\n<p>Le pr\u00e9sident russe &#8211; Vladimir Poutine s&rsquo;est rendu pour la 1\u00e8re fois \u00e0 la base a\u00e9rienne russe de Hmeimim, en Syrie. Le pr\u00e9sident a ordonn\u00e9 le retrait de troupes russes de Syrie apr\u00e8s la d\u00e9faite des terroristes de l\u2019Etat islamique.<\/p>\n<p>Lors de sa visite de la base a\u00e9rienne, le pr\u00e9sident russe a rencontr\u00e9 son homologue syrien &#8211; Bachar Al Assad. Les 2 hommes ont f\u00e9licit\u00e9 les militaires russes pour leur succ\u00e8s dans la lutte contre les terroristes en Syrie.<br \/>\n<iframe loading=\"lazy\" src=\"https:\/\/www.youtube.com\/embed\/ed-m6M1356Y\" width=\"560\" height=\"315\" frameborder=\"0\" allowfullscreen=\"allowfullscreen\"><\/iframe><\/p>\n","protected":false},"excerpt":{"rendered":"Le pr\u00e9sident russe - Vladimir Poutine s'est rendu pour la 1\u00e8re fois \u00e0 la base a\u00e9rienne russe de Hmeimim, en Syrie. Le pr\u00e9sident a ordonn\u00e9 le retrait de troupes russes","protected":false},"author":2,"featured_media":0,"comment_status":"closed","ping_status":"open","sticky":false,"template":"","format":"standard","meta":[],"categories":[49],"tags":[],"_links":{"self":[{"href":"https:\/\/www.lejournalduforkane.com\/index.php\/wp-json\/wp\/v2\/posts\/18604"}],"collection":[{"href":"https:\/\/www.lejournalduforkane.com\/index.php\/wp-json\/wp\/v2\/posts"}],"about":[{"href":"https:\/\/www.lejournalduforkane.com\/index.php\/wp-json\/wp\/v2\/types\/post"}],"author":[{"embeddable":true,"href":"https:\/\/www.lejournalduforkane.com\/index.php\/wp-json\/wp\/v2\/users\/2"}],"replies":[{"embeddable":true,"href":"https:\/\/www.lejournalduforkane.com\/index.php\/wp-json\/wp\/v2\/comments?post=18604"}],"version-history":[{"count":1,"href":"https:\/\/www.lejournalduforkane.com\/index.php\/wp-json\/wp\/v2\/posts\/18604\/revisions"}],"predecessor-version":[{"id":18606,"href":"https:\/\/www.lejournalduforkane.com\/index.php\/wp-json\/wp\/v2\/posts\/18604\/revisions\/18606"}],"wp:attachment":[{"href":"https:\/\/www.lejournalduforkane.com\/index.php\/wp-json\/wp\/v2\/media?parent=18604"}],"wp:term":[{"taxonomy":"category","embeddable":true,"href":"https:\/\/www.lejournalduforkane.com\/index.php\/wp-json\/wp\/v2\/categories?post=18604"},{"taxonomy":"post_tag","embeddable":true,"href":"https:\/\/www.lejournalduforkane.com\/index.php\/wp-json\/wp\/v2\/tags?post=18604"}],"curies":[{"name":"wp","href":"https:\/\/api.w.org\/{rel}","templated":true}]}}