
{"id":18632,"date":"2017-12-13T15:48:19","date_gmt":"2017-12-13T15:48:19","guid":{"rendered":"https:\/\/www.lejournalduforkane.com\/?p=18632"},"modified":"2017-12-13T15:48:19","modified_gmt":"2017-12-13T15:48:19","slug":"les-citoyens-de-new-york-manifestent-a-times-square-en-solidarite-avec-les-palestiniens-et-pour-rejeter-la-decision-de-trump-de-reconnaitre-jerusalem-comme-capitale-disrael","status":"publish","type":"post","link":"https:\/\/www.lejournalduforkane.com\/index.php\/les-citoyens-de-new-york-manifestent-a-times-square-en-solidarite-avec-les-palestiniens-et-pour-rejeter-la-decision-de-trump-de-reconnaitre-jerusalem-comme-capitale-disrael\/","title":{"rendered":"Les citoyens de New York manifestent \u00e0 Times Square en solidarit\u00e9 avec les Palestiniens et pour rejeter la d\u00e9cision de Trump de \u00ab reconna\u00eetre \u00bb J\u00e9rusalem, comme capitale d\u2019Isra\u00ebl !"},"content":{"rendered":"<p><!--more--><br \/>\n<iframe loading=\"lazy\" src=\"https:\/\/www.youtube.com\/embed\/xsME6bJnfY8\" width=\"560\" height=\"315\" frameborder=\"0\" allowfullscreen=\"allowfullscreen\"><\/iframe><\/p>\n","protected":false},"excerpt":{"rendered":"","protected":false},"author":2,"featured_media":0,"comment_status":"closed","ping_status":"open","sticky":false,"template":"","format":"standard","meta":[],"categories":[49],"tags":[],"_links":{"self":[{"href":"https:\/\/www.lejournalduforkane.com\/index.php\/wp-json\/wp\/v2\/posts\/18632"}],"collection":[{"href":"https:\/\/www.lejournalduforkane.com\/index.php\/wp-json\/wp\/v2\/posts"}],"about":[{"href":"https:\/\/www.lejournalduforkane.com\/index.php\/wp-json\/wp\/v2\/types\/post"}],"author":[{"embeddable":true,"href":"https:\/\/www.lejournalduforkane.com\/index.php\/wp-json\/wp\/v2\/users\/2"}],"replies":[{"embeddable":true,"href":"https:\/\/www.lejournalduforkane.com\/index.php\/wp-json\/wp\/v2\/comments?post=18632"}],"version-history":[{"count":1,"href":"https:\/\/www.lejournalduforkane.com\/index.php\/wp-json\/wp\/v2\/posts\/18632\/revisions"}],"predecessor-version":[{"id":18634,"href":"https:\/\/www.lejournalduforkane.com\/index.php\/wp-json\/wp\/v2\/posts\/18632\/revisions\/18634"}],"wp:attachment":[{"href":"https:\/\/www.lejournalduforkane.com\/index.php\/wp-json\/wp\/v2\/media?parent=18632"}],"wp:term":[{"taxonomy":"category","embeddable":true,"href":"https:\/\/www.lejournalduforkane.com\/index.php\/wp-json\/wp\/v2\/categories?post=18632"},{"taxonomy":"post_tag","embeddable":true,"href":"https:\/\/www.lejournalduforkane.com\/index.php\/wp-json\/wp\/v2\/tags?post=18632"}],"curies":[{"name":"wp","href":"https:\/\/api.w.org\/{rel}","templated":true}]}}