
{"id":18635,"date":"2017-12-13T15:54:05","date_gmt":"2017-12-13T15:54:05","guid":{"rendered":"https:\/\/www.lejournalduforkane.com\/?p=18635"},"modified":"2017-12-13T15:54:05","modified_gmt":"2017-12-13T15:54:05","slug":"lapartheid-est-vivant-et-bien-present-a-al-khalil-hebron","status":"publish","type":"post","link":"https:\/\/www.lejournalduforkane.com\/index.php\/lapartheid-est-vivant-et-bien-present-a-al-khalil-hebron\/","title":{"rendered":"L&rsquo;apartheid est vivant et bien pr\u00e9sent \u00e0 Al Khalil (H\u00e9bron) !"},"content":{"rendered":"<p><!--more--><br \/>\nVous \u00eates le bienvenu ici sauf si vous \u00eates palestinien. Flagrant et clair.<br \/>\n<iframe loading=\"lazy\" src=\"https:\/\/www.youtube.com\/embed\/QmYBB3doQ_w\" width=\"560\" height=\"315\" frameborder=\"0\" allowfullscreen=\"allowfullscreen\"><\/iframe><\/p>\n","protected":false},"excerpt":{"rendered":"Vous \u00eates le bienvenu ici sauf si vous \u00eates palestinien. Flagrant et clair.","protected":false},"author":2,"featured_media":0,"comment_status":"closed","ping_status":"open","sticky":false,"template":"","format":"standard","meta":[],"categories":[49],"tags":[],"_links":{"self":[{"href":"https:\/\/www.lejournalduforkane.com\/index.php\/wp-json\/wp\/v2\/posts\/18635"}],"collection":[{"href":"https:\/\/www.lejournalduforkane.com\/index.php\/wp-json\/wp\/v2\/posts"}],"about":[{"href":"https:\/\/www.lejournalduforkane.com\/index.php\/wp-json\/wp\/v2\/types\/post"}],"author":[{"embeddable":true,"href":"https:\/\/www.lejournalduforkane.com\/index.php\/wp-json\/wp\/v2\/users\/2"}],"replies":[{"embeddable":true,"href":"https:\/\/www.lejournalduforkane.com\/index.php\/wp-json\/wp\/v2\/comments?post=18635"}],"version-history":[{"count":1,"href":"https:\/\/www.lejournalduforkane.com\/index.php\/wp-json\/wp\/v2\/posts\/18635\/revisions"}],"predecessor-version":[{"id":18637,"href":"https:\/\/www.lejournalduforkane.com\/index.php\/wp-json\/wp\/v2\/posts\/18635\/revisions\/18637"}],"wp:attachment":[{"href":"https:\/\/www.lejournalduforkane.com\/index.php\/wp-json\/wp\/v2\/media?parent=18635"}],"wp:term":[{"taxonomy":"category","embeddable":true,"href":"https:\/\/www.lejournalduforkane.com\/index.php\/wp-json\/wp\/v2\/categories?post=18635"},{"taxonomy":"post_tag","embeddable":true,"href":"https:\/\/www.lejournalduforkane.com\/index.php\/wp-json\/wp\/v2\/tags?post=18635"}],"curies":[{"name":"wp","href":"https:\/\/api.w.org\/{rel}","templated":true}]}}