
{"id":18665,"date":"2017-12-14T19:36:58","date_gmt":"2017-12-14T19:36:58","guid":{"rendered":"https:\/\/www.lejournalduforkane.com\/?p=18665"},"modified":"2017-12-14T19:36:58","modified_gmt":"2017-12-14T19:36:58","slug":"regardez-ce-quune-palestinienne-a-fait-a-ce-soldat-israelien-qui-harcelait-et-agressait-une-jeune-fille-essayant-de-frapper-des-manifestants-a-la-porte-de-damas-a-jerusalem-occupee","status":"publish","type":"post","link":"https:\/\/www.lejournalduforkane.com\/index.php\/regardez-ce-quune-palestinienne-a-fait-a-ce-soldat-israelien-qui-harcelait-et-agressait-une-jeune-fille-essayant-de-frapper-des-manifestants-a-la-porte-de-damas-a-jerusalem-occupee\/","title":{"rendered":"Regardez ce qu&rsquo;une palestinienne a fait \u00e0 ce soldat isra\u00e9lien qui harcelait et agressait une jeune fille, essayant de frapper des manifestants \u00e0 la porte de Damas \u00e0 J\u00e9rusalem occup\u00e9e."},"content":{"rendered":"<p><!--more--><br \/>\n<iframe loading=\"lazy\" src=\"https:\/\/www.youtube.com\/embed\/d0bSVwCHz1w\" width=\"560\" height=\"315\" frameborder=\"0\" allowfullscreen=\"allowfullscreen\"><\/iframe><\/p>\n","protected":false},"excerpt":{"rendered":"","protected":false},"author":2,"featured_media":0,"comment_status":"closed","ping_status":"open","sticky":false,"template":"","format":"standard","meta":[],"categories":[49],"tags":[],"_links":{"self":[{"href":"https:\/\/www.lejournalduforkane.com\/index.php\/wp-json\/wp\/v2\/posts\/18665"}],"collection":[{"href":"https:\/\/www.lejournalduforkane.com\/index.php\/wp-json\/wp\/v2\/posts"}],"about":[{"href":"https:\/\/www.lejournalduforkane.com\/index.php\/wp-json\/wp\/v2\/types\/post"}],"author":[{"embeddable":true,"href":"https:\/\/www.lejournalduforkane.com\/index.php\/wp-json\/wp\/v2\/users\/2"}],"replies":[{"embeddable":true,"href":"https:\/\/www.lejournalduforkane.com\/index.php\/wp-json\/wp\/v2\/comments?post=18665"}],"version-history":[{"count":1,"href":"https:\/\/www.lejournalduforkane.com\/index.php\/wp-json\/wp\/v2\/posts\/18665\/revisions"}],"predecessor-version":[{"id":18667,"href":"https:\/\/www.lejournalduforkane.com\/index.php\/wp-json\/wp\/v2\/posts\/18665\/revisions\/18667"}],"wp:attachment":[{"href":"https:\/\/www.lejournalduforkane.com\/index.php\/wp-json\/wp\/v2\/media?parent=18665"}],"wp:term":[{"taxonomy":"category","embeddable":true,"href":"https:\/\/www.lejournalduforkane.com\/index.php\/wp-json\/wp\/v2\/categories?post=18665"},{"taxonomy":"post_tag","embeddable":true,"href":"https:\/\/www.lejournalduforkane.com\/index.php\/wp-json\/wp\/v2\/tags?post=18665"}],"curies":[{"name":"wp","href":"https:\/\/api.w.org\/{rel}","templated":true}]}}