
{"id":18669,"date":"2017-12-16T07:46:58","date_gmt":"2017-12-16T07:46:58","guid":{"rendered":"https:\/\/www.lejournalduforkane.com\/?p=18669"},"modified":"2017-12-17T07:49:34","modified_gmt":"2017-12-17T07:49:34","slug":"ibrahim-abu-thoraya29-ans-et-tetraplegique-a-ete-tue-aujourdhui-par-des-tireurs-israeliens-lors-de-manifestations-proches-des-frontieres-de-lest-de-gaza-pour-protester-contre-la-decision-de-trump","status":"publish","type":"post","link":"https:\/\/www.lejournalduforkane.com\/index.php\/ibrahim-abu-thoraya29-ans-et-tetraplegique-a-ete-tue-aujourdhui-par-des-tireurs-israeliens-lors-de-manifestations-proches-des-frontieres-de-lest-de-gaza-pour-protester-contre-la-decision-de-trump\/","title":{"rendered":"Ibrahim Abu Thoraya,29 ans et t\u00e9trapl\u00e9gique a \u00e9t\u00e9 tu\u00e9 aujourd&rsquo;hui par des tireurs isra\u00e9liens lors de manifestations proches des fronti\u00e8res de l&rsquo;est de Gaza pour protester contre la d\u00e9cision de Trump"},"content":{"rendered":"<p><!--more--><\/p>\n<p><img loading=\"lazy\" class=\"alignnone size-medium wp-image-18671\" src=\"https:\/\/www.lejournalduforkane.com\/wp-content\/uploads\/2017\/12\/Ibrahim-Abu-Thoraya1-300x200.jpeg\" alt=\"Ibrahim Abu Thoraya1\" width=\"300\" height=\"200\" srcset=\"https:\/\/www.lejournalduforkane.com\/wp-content\/uploads\/2017\/12\/Ibrahim-Abu-Thoraya1-300x200.jpeg 300w, https:\/\/www.lejournalduforkane.com\/wp-content\/uploads\/2017\/12\/Ibrahim-Abu-Thoraya1.jpeg 720w\" sizes=\"(max-width: 300px) 100vw, 300px\" \/> <img loading=\"lazy\" class=\"alignnone size-medium wp-image-18672\" src=\"https:\/\/www.lejournalduforkane.com\/wp-content\/uploads\/2017\/12\/Ibrahim-Abu-Thoraya2-300x214.jpg\" alt=\"Ibrahim Abu Thoraya,2\" width=\"300\" height=\"214\" srcset=\"https:\/\/www.lejournalduforkane.com\/wp-content\/uploads\/2017\/12\/Ibrahim-Abu-Thoraya2-300x214.jpg 300w, https:\/\/www.lejournalduforkane.com\/wp-content\/uploads\/2017\/12\/Ibrahim-Abu-Thoraya2.jpg 720w\" sizes=\"(max-width: 300px) 100vw, 300px\" \/> <img loading=\"lazy\" class=\"alignnone size-medium wp-image-18673\" src=\"https:\/\/www.lejournalduforkane.com\/wp-content\/uploads\/2017\/12\/v3-300x171.jpg\" alt=\"v3\" width=\"300\" height=\"171\" srcset=\"https:\/\/www.lejournalduforkane.com\/wp-content\/uploads\/2017\/12\/v3-300x171.jpg 300w, https:\/\/www.lejournalduforkane.com\/wp-content\/uploads\/2017\/12\/v3.jpg 720w\" sizes=\"(max-width: 300px) 100vw, 300px\" \/><\/p>\n","protected":false},"excerpt":{"rendered":"","protected":false},"author":2,"featured_media":0,"comment_status":"closed","ping_status":"open","sticky":false,"template":"","format":"standard","meta":[],"categories":[],"tags":[],"_links":{"self":[{"href":"https:\/\/www.lejournalduforkane.com\/index.php\/wp-json\/wp\/v2\/posts\/18669"}],"collection":[{"href":"https:\/\/www.lejournalduforkane.com\/index.php\/wp-json\/wp\/v2\/posts"}],"about":[{"href":"https:\/\/www.lejournalduforkane.com\/index.php\/wp-json\/wp\/v2\/types\/post"}],"author":[{"embeddable":true,"href":"https:\/\/www.lejournalduforkane.com\/index.php\/wp-json\/wp\/v2\/users\/2"}],"replies":[{"embeddable":true,"href":"https:\/\/www.lejournalduforkane.com\/index.php\/wp-json\/wp\/v2\/comments?post=18669"}],"version-history":[{"count":1,"href":"https:\/\/www.lejournalduforkane.com\/index.php\/wp-json\/wp\/v2\/posts\/18669\/revisions"}],"predecessor-version":[{"id":18674,"href":"https:\/\/www.lejournalduforkane.com\/index.php\/wp-json\/wp\/v2\/posts\/18669\/revisions\/18674"}],"wp:attachment":[{"href":"https:\/\/www.lejournalduforkane.com\/index.php\/wp-json\/wp\/v2\/media?parent=18669"}],"wp:term":[{"taxonomy":"category","embeddable":true,"href":"https:\/\/www.lejournalduforkane.com\/index.php\/wp-json\/wp\/v2\/categories?post=18669"},{"taxonomy":"post_tag","embeddable":true,"href":"https:\/\/www.lejournalduforkane.com\/index.php\/wp-json\/wp\/v2\/tags?post=18669"}],"curies":[{"name":"wp","href":"https:\/\/api.w.org\/{rel}","templated":true}]}}