
{"id":18684,"date":"2017-12-17T11:05:53","date_gmt":"2017-12-17T11:05:53","guid":{"rendered":"https:\/\/www.lejournalduforkane.com\/?p=18684"},"modified":"2017-12-17T11:05:53","modified_gmt":"2017-12-17T11:05:53","slug":"regardez-comment-lambassadrice-cubaine-a-defendu-les-palestiniens-au-conseil-de-securite-et-demande-une-minute-de-silence-pour-tous-les-martyrs-de-palestine","status":"publish","type":"post","link":"https:\/\/www.lejournalduforkane.com\/index.php\/regardez-comment-lambassadrice-cubaine-a-defendu-les-palestiniens-au-conseil-de-securite-et-demande-une-minute-de-silence-pour-tous-les-martyrs-de-palestine\/","title":{"rendered":"Regardez comment l&rsquo;ambassadrice cubaine a d\u00e9fendu les palestiniens au conseil de s\u00e9curit\u00e9 et demande une minute de silence pour tous les martyrs de Palestine"},"content":{"rendered":"<p><!--more--><br \/>\n<iframe loading=\"lazy\" src=\"https:\/\/www.youtube.com\/embed\/lO4uEKwGTrg\" width=\"560\" height=\"315\" frameborder=\"0\" allowfullscreen=\"allowfullscreen\"><\/iframe><\/p>\n<p>&nbsp;<\/p>\n","protected":false},"excerpt":{"rendered":"&nbsp;","protected":false},"author":2,"featured_media":0,"comment_status":"closed","ping_status":"open","sticky":false,"template":"","format":"standard","meta":[],"categories":[49],"tags":[],"_links":{"self":[{"href":"https:\/\/www.lejournalduforkane.com\/index.php\/wp-json\/wp\/v2\/posts\/18684"}],"collection":[{"href":"https:\/\/www.lejournalduforkane.com\/index.php\/wp-json\/wp\/v2\/posts"}],"about":[{"href":"https:\/\/www.lejournalduforkane.com\/index.php\/wp-json\/wp\/v2\/types\/post"}],"author":[{"embeddable":true,"href":"https:\/\/www.lejournalduforkane.com\/index.php\/wp-json\/wp\/v2\/users\/2"}],"replies":[{"embeddable":true,"href":"https:\/\/www.lejournalduforkane.com\/index.php\/wp-json\/wp\/v2\/comments?post=18684"}],"version-history":[{"count":1,"href":"https:\/\/www.lejournalduforkane.com\/index.php\/wp-json\/wp\/v2\/posts\/18684\/revisions"}],"predecessor-version":[{"id":18686,"href":"https:\/\/www.lejournalduforkane.com\/index.php\/wp-json\/wp\/v2\/posts\/18684\/revisions\/18686"}],"wp:attachment":[{"href":"https:\/\/www.lejournalduforkane.com\/index.php\/wp-json\/wp\/v2\/media?parent=18684"}],"wp:term":[{"taxonomy":"category","embeddable":true,"href":"https:\/\/www.lejournalduforkane.com\/index.php\/wp-json\/wp\/v2\/categories?post=18684"},{"taxonomy":"post_tag","embeddable":true,"href":"https:\/\/www.lejournalduforkane.com\/index.php\/wp-json\/wp\/v2\/tags?post=18684"}],"curies":[{"name":"wp","href":"https:\/\/api.w.org\/{rel}","templated":true}]}}