
{"id":18741,"date":"2017-12-18T19:53:44","date_gmt":"2017-12-18T19:53:44","guid":{"rendered":"https:\/\/www.lejournalduforkane.com\/?p=18741"},"modified":"2017-12-18T19:53:44","modified_gmt":"2017-12-18T19:53:44","slug":"londres-des-jeunes-musulmanes-chantent-des-chants-religieux-a-la-gloire-de-dieu-dans-la-cathedrale-saint-paul","status":"publish","type":"post","link":"https:\/\/www.lejournalduforkane.com\/index.php\/londres-des-jeunes-musulmanes-chantent-des-chants-religieux-a-la-gloire-de-dieu-dans-la-cathedrale-saint-paul\/","title":{"rendered":"Londres : Des jeunes musulmanes chantent des chants religieux \u00e0 la gloire de Dieu dans la Cath\u00e9drale Saint Paul"},"content":{"rendered":"<p><!--more--><\/p>\n<p style=\"text-align: justify;\">Bien sur aucun m\u00e9dia en France n&rsquo;en a parl\u00e9, ce concert s&rsquo;est d\u00e9roul\u00e9 la semaine derni\u00e8re en pr\u00e9sence de la famille royale. Les survivants de l\u2019incendie de la tour Grenfell ont assist\u00e9 \u00e0 un service comm\u00e9moratif \u00e0 la cath\u00e9drale Saint-Paul, aux c\u00f4t\u00e9s des membres de la famille royale.<\/p>\n<p><iframe loading=\"lazy\" src=\"https:\/\/www.youtube.com\/embed\/8QWyuSkb2u8\" width=\"560\" height=\"315\" frameborder=\"0\" allowfullscreen=\"allowfullscreen\"><\/iframe><\/p>\n","protected":false},"excerpt":{"rendered":"Bien sur aucun m\u00e9dia en France n'en a parl\u00e9, ce concert s'est d\u00e9roul\u00e9 la semaine derni\u00e8re en pr\u00e9sence de la famille royale. Les survivants de l\u2019incendie de la tour Grenfell","protected":false},"author":2,"featured_media":0,"comment_status":"closed","ping_status":"open","sticky":false,"template":"","format":"standard","meta":[],"categories":[49],"tags":[],"_links":{"self":[{"href":"https:\/\/www.lejournalduforkane.com\/index.php\/wp-json\/wp\/v2\/posts\/18741"}],"collection":[{"href":"https:\/\/www.lejournalduforkane.com\/index.php\/wp-json\/wp\/v2\/posts"}],"about":[{"href":"https:\/\/www.lejournalduforkane.com\/index.php\/wp-json\/wp\/v2\/types\/post"}],"author":[{"embeddable":true,"href":"https:\/\/www.lejournalduforkane.com\/index.php\/wp-json\/wp\/v2\/users\/2"}],"replies":[{"embeddable":true,"href":"https:\/\/www.lejournalduforkane.com\/index.php\/wp-json\/wp\/v2\/comments?post=18741"}],"version-history":[{"count":1,"href":"https:\/\/www.lejournalduforkane.com\/index.php\/wp-json\/wp\/v2\/posts\/18741\/revisions"}],"predecessor-version":[{"id":18743,"href":"https:\/\/www.lejournalduforkane.com\/index.php\/wp-json\/wp\/v2\/posts\/18741\/revisions\/18743"}],"wp:attachment":[{"href":"https:\/\/www.lejournalduforkane.com\/index.php\/wp-json\/wp\/v2\/media?parent=18741"}],"wp:term":[{"taxonomy":"category","embeddable":true,"href":"https:\/\/www.lejournalduforkane.com\/index.php\/wp-json\/wp\/v2\/categories?post=18741"},{"taxonomy":"post_tag","embeddable":true,"href":"https:\/\/www.lejournalduforkane.com\/index.php\/wp-json\/wp\/v2\/tags?post=18741"}],"curies":[{"name":"wp","href":"https:\/\/api.w.org\/{rel}","templated":true}]}}