
{"id":18744,"date":"2017-12-18T19:57:00","date_gmt":"2017-12-18T19:57:00","guid":{"rendered":"https:\/\/www.lejournalduforkane.com\/?p=18744"},"modified":"2017-12-18T19:57:00","modified_gmt":"2017-12-18T19:57:00","slug":"quelle-epoque-et-dans-quel-monde-est-ce","status":"publish","type":"post","link":"https:\/\/www.lejournalduforkane.com\/index.php\/quelle-epoque-et-dans-quel-monde-est-ce\/","title":{"rendered":"Quelle \u00e9poque et dans quel monde est-ce ?"},"content":{"rendered":"<p><!--more--><\/p>\n<p>Quelle \u00e9poque et dans quel monde est-ce ?<br \/>\nO\u00f9 des \u00e2mes innocentes sont tu\u00e9es !<br \/>\nQu&rsquo;ont-ils fait pour \u00eatre extermin\u00e9s ?<br \/>\nQuelle loi sacr\u00e9e a permis de verser du sang ?!<br \/>\n<iframe loading=\"lazy\" src=\"https:\/\/www.youtube.com\/embed\/fxyh90Cp87Q\" width=\"560\" height=\"315\" frameborder=\"0\" allowfullscreen=\"allowfullscreen\"><\/iframe><\/p>\n","protected":false},"excerpt":{"rendered":"Quelle \u00e9poque et dans quel monde est-ce ? O\u00f9 des \u00e2mes innocentes sont tu\u00e9es ! Qu'ont-ils fait pour \u00eatre extermin\u00e9s ? Quelle loi sacr\u00e9e a permis de verser du sang","protected":false},"author":2,"featured_media":0,"comment_status":"closed","ping_status":"open","sticky":false,"template":"","format":"standard","meta":[],"categories":[49],"tags":[],"_links":{"self":[{"href":"https:\/\/www.lejournalduforkane.com\/index.php\/wp-json\/wp\/v2\/posts\/18744"}],"collection":[{"href":"https:\/\/www.lejournalduforkane.com\/index.php\/wp-json\/wp\/v2\/posts"}],"about":[{"href":"https:\/\/www.lejournalduforkane.com\/index.php\/wp-json\/wp\/v2\/types\/post"}],"author":[{"embeddable":true,"href":"https:\/\/www.lejournalduforkane.com\/index.php\/wp-json\/wp\/v2\/users\/2"}],"replies":[{"embeddable":true,"href":"https:\/\/www.lejournalduforkane.com\/index.php\/wp-json\/wp\/v2\/comments?post=18744"}],"version-history":[{"count":2,"href":"https:\/\/www.lejournalduforkane.com\/index.php\/wp-json\/wp\/v2\/posts\/18744\/revisions"}],"predecessor-version":[{"id":18747,"href":"https:\/\/www.lejournalduforkane.com\/index.php\/wp-json\/wp\/v2\/posts\/18744\/revisions\/18747"}],"wp:attachment":[{"href":"https:\/\/www.lejournalduforkane.com\/index.php\/wp-json\/wp\/v2\/media?parent=18744"}],"wp:term":[{"taxonomy":"category","embeddable":true,"href":"https:\/\/www.lejournalduforkane.com\/index.php\/wp-json\/wp\/v2\/categories?post=18744"},{"taxonomy":"post_tag","embeddable":true,"href":"https:\/\/www.lejournalduforkane.com\/index.php\/wp-json\/wp\/v2\/tags?post=18744"}],"curies":[{"name":"wp","href":"https:\/\/api.w.org\/{rel}","templated":true}]}}